{"id":592,"date":"2021-11-12T11:37:10","date_gmt":"2021-11-12T10:37:10","guid":{"rendered":"https:\/\/www.mnemolia.com\/stories\/?p=592"},"modified":"2024-08-20T20:12:10","modified_gmt":"2024-08-20T18:12:10","slug":"comment-reconnaitre-lepervier-deurope","status":"publish","type":"post","link":"https:\/\/www.mnemolia.com\/stories\/ornitho\/comment-reconnaitre-lepervier-deurope\/","title":{"rendered":"Comment reconna\u00eetre l'\u00e9pervier d'Europe ?"},"content":{"rendered":"\n<h2>Comment reconna\u00eetre l'\u00e9pervier d'Europe par son plumage ?<\/h2><div class=\"cardsGrid\">                    <div class=\"cardGrid\">\n                        \n                                                            <img decoding=\"async\" class=\"mnImg\" alt=\"L'\u00e9pervier d'Europe est un rapace de la taille d'un faucon.\" title=\"L'\u00e9pervier d'Europe est un rapace de la taille d'un faucon.\" src=\"https:\/\/www.mnemolia.com\/images\/66\/ms\/MAD35UKsoyM.jpg\">\n                                <p>L'\u00e9pervier d'Europe est un rapace de la <strong>taille d'un faucon<\/strong>.<\/p>                        \n                    <\/div>\n                                <div class=\"cardGrid\">\n                        \n                                                            <img decoding=\"async\" class=\"mnImg\" alt=\"Il a le dessus de la t\u00eate bleu-ardoise avec des joues rousses, un bec crochu et des yeux jaunes.\" title=\"Il a le dessus de la t\u00eate bleu-ardoise avec des joues rousses, un bec crochu et des yeux jaunes.\" src=\"https:\/\/www.mnemolia.com\/images\/66\/ms\/MAEEXhWAbU0.jpg\">\n                                <p>Il a le dessus de la t\u00eate <strong>bleu-ardoise<\/strong> avec des joues <strong>rousses<\/strong>, un bec crochu et des yeux jaunes.<\/p>                        \n                    <\/div>\n                                <div class=\"cardGrid\">\n                        \n                                                            <img decoding=\"async\" class=\"mnImg\" alt=\"Ses yeux sont jaunes.\" title=\"Ses yeux sont jaunes.\" src=\"https:\/\/www.mnemolia.com\/images\/66\/ms\/MADZikXd5lU.jpg\">\n                                <p>Ses yeux sont <strong>jaunes<\/strong>.<\/p>                        \n                    <\/div>\n                                <div class=\"cardGrid\">\n                        \n                                                            <img decoding=\"async\" class=\"mnImg\" alt=\"Son bec est crochu et tranchant, typique des rapaces.\" title=\"Son bec est crochu et tranchant, typique des rapaces.\" src=\"https:\/\/www.mnemolia.com\/images\/66\/ms\/MAC9WGvHe04.jpg\">\n                                <p>Son bec est <strong>crochu et tranchant<\/strong>, typique des rapaces.<\/p>                        \n                    <\/div>\n                                <div class=\"cardGrid\">\n                        \n                                                            <img decoding=\"async\" class=\"mnImg\" alt=\"Les doigts de ses pieds sont prolong\u00e9s par des griffes longues et courbes : les serres qui permettent de saisir les proies.\" title=\"Les doigts de ses pieds sont prolong\u00e9s par des griffes longues et courbes : les serres qui permettent de saisir les proies.\" src=\"https:\/\/www.mnemolia.com\/images\/66\/ms\/MADBo-OSZQM.jpg\">\n                                <p>Les doigts de ses pieds sont prolong\u00e9s par des <strong>griffes longues et courbes<\/strong> : les <strong>serres<\/strong> qui permettent de saisir les proies.<\/p>                        \n                    <\/div>\n                                <div class=\"cardGrid\">\n                        \n                                                            <img decoding=\"async\" class=\"mnImg\" alt=\"Le dessus du corps est gris-ardoise.\" title=\"Le dessus du corps est gris-ardoise.\" src=\"https:\/\/www.mnemolia.com\/images\/66\/ms\/MAEEfClOD4g.jpg\">\n                                <p>Le dessus du corps est <strong>gris-ardoise<\/strong>.<\/p>                        \n                    <\/div>\n                                <div class=\"cardGrid\">\n                        \n                                                            <img decoding=\"async\" class=\"mnImg\" alt=\"Le dessous du corps est brun-orang\u00e9 avec des rayures fonc\u00e9es.\" title=\"Le dessous du corps est brun-orang\u00e9 avec des rayures fonc\u00e9es.\" src=\"https:\/\/www.mnemolia.com\/images\/66\/ms\/MAD7kXVUjvw.jpg\">\n                                <p>Le dessous du corps est <strong>brun-orang\u00e9<\/strong> avec des <strong>rayures<\/strong> fonc\u00e9es.<\/p>                        \n                    <\/div>\n                                <div class=\"cardGrid\">\n                        \n                                                            <img decoding=\"async\" class=\"mnImg\" alt=\"La femelle est beaucoup plus grande.\" title=\"La femelle est beaucoup plus grande.\" src=\"https:\/\/www.mnemolia.com\/images\/66\/ms\/MADBpCsus9I.jpg\">\n                                <p>La femelle est beaucoup <strong>plus grande<\/strong>.<\/p>                        \n                    <\/div>\n                                <div class=\"cardGrid\">\n                        \n                                                            <img decoding=\"async\" class=\"mnImg\" alt=\"Le dessus du corps de la femelle est brun, le dessous est plut\u00f4t gris-brun, sans teinte de brun-orang\u00e9 et n'a pas les joues rousses.\" title=\"Le dessus du corps de la femelle est brun, le dessous est plut\u00f4t gris-brun, sans teinte de brun-orang\u00e9 et n'a pas les joues rousses.\" src=\"https:\/\/www.mnemolia.com\/images\/66\/ms\/MADZinHgm7o.jpg\">\n                                <p>Le dessus du corps de la femelle est <strong>brun<\/strong>, le dessous est plut\u00f4t <strong>gris-brun, sans teinte de brun-orang\u00e9<\/strong> et n'a pas les joues rousses.<\/p>                        \n                    <\/div>\n                                <div class=\"cardGrid\">\n                        \n                                                            <img decoding=\"async\" class=\"mnImg\" alt=\"Les ailes de l'\u00e9pervier d'Europe sont courtes et arrondies et sa queue est longue, \u00e9troite marqu\u00e9e de bandes sombres.\" title=\"Les ailes de l'\u00e9pervier d'Europe sont courtes et arrondies et sa queue est longue, \u00e9troite marqu\u00e9e de bandes sombres.\" src=\"https:\/\/www.mnemolia.com\/images\/66\/ms\/MAENsvy0OTA.jpg\">\n                                <p>Les ailes de l'\u00e9pervier d'Europe sont <strong>courtes et arrondies<\/strong> et sa <strong>queue est longue, \u00e9troite<\/strong> marqu\u00e9e de <strong>bandes sombres<\/strong>.<\/p>                        \n                    <\/div>\n            <\/div><h2>Comment se comporte l'\u00e9pervier d'Europe ?<\/h2><div class=\"cardsGrid\">                    <div class=\"cardGrid\">\n                        \n                                                            <img decoding=\"async\" class=\"mnImg\" alt=\"L'\u00e9pervier d'Europe chasse par surprise les petits oiseaux\" title=\"L'\u00e9pervier d'Europe chasse par surprise les petits oiseaux\" src=\"https:\/\/www.mnemolia.com\/images\/66\/ms\/MADcU4C8xPc.jpg\">\n                                <p>L'\u00e9pervier d'Europe <strong>chasse par surprise les petits oiseaux<\/strong><\/p>                        \n                    <\/div>\n                                <div class=\"cardGrid\">\n                        \n                                                            <img decoding=\"async\" class=\"mnImg\" alt=\"On le reconna\u00eet \u00e0 son vol rapide et rasant o\u00f9 il alterne les battements d'ailes et de longs gliss\u00e9s.\" title=\"On le reconna\u00eet \u00e0 son vol rapide et rasant o\u00f9 il alterne les battements d'ailes et de longs gliss\u00e9s.\" src=\"https:\/\/www.mnemolia.com\/images\/66\/ms\/MADFAc-7mLA.jpg\">\n                                <p>On le reconna\u00eet \u00e0 son vol <strong>rapide et rasant<\/strong> o\u00f9 il alterne les battements d'ailes et de longs gliss\u00e9s.<\/p>                        \n                    <\/div>\n                                <div class=\"cardGrid\">\n                        \n                                                            <img decoding=\"async\" class=\"mnImg\" alt=\"Se pr\u00e9sence est signal\u00e9e par les cris d'alarme des oiseaux menac\u00e9s.\" title=\"Se pr\u00e9sence est signal\u00e9e par les cris d'alarme des oiseaux menac\u00e9s.\" src=\"https:\/\/www.mnemolia.com\/images\/66\/ms\/MADLdt8fE0s.jpg\">\n                                <p>Se pr\u00e9sence est signal\u00e9e par les <strong>cris d'alarme<\/strong> des oiseaux menac\u00e9s.<\/p>                        \n                    <\/div>\n            <\/div><h2>Comment reconna\u00eetre le chant de l'\u00e9pervier d'Europe ?<\/h2><div class=\"cardsGrid\">                    <div class=\"cardGrid\">\n                        \n                                                            <img decoding=\"async\" class=\"mnImg\" alt=\"L'\u00e9pervier d'Europe \u00e9met un cri d'alarme par un caqu\u00e8tement de sons rapides et aigus \" kiek=\"\" kiek\"=\"\" ou=\"\" \"kyukyukyukyu\"\"=\"\" title=\"L'\u00e9pervier d'Europe \u00e9met un cri d'alarme par un caqu\u00e8tement de sons rapides et aigus \" src=\"https:\/\/www.mnemolia.com\/images\/66\/ms\/MADLdiyVo8I.jpg\">\n                                <p>L'\u00e9pervier d'Europe \u00e9met un cri d'alarme par un <strong>caqu\u00e8tement<\/strong> de sons <strong>rapides et aigus<\/strong> \"kiek kiek kiek\" ou \"kyukyukyukyu\"<\/p>\n                                    <audio controls=\"\" controlslist=\"nodownload\">\n                                        <source src=\"https:\/\/d3qbl39ojtqup3.cloudfront.net\/mnemo_audio\/66\/100e285e73afd5eecd3dc36cf7f5597c.mp3\" type=\"audio\/mp3\">\n                                    <\/audio>\n                                                    \n                    <\/div>\n                                <div class=\"cardGrid\">\n                        \n                                                            <img decoding=\"async\" class=\"mnImg\" alt=\"La femelle en couvaison et les juv\u00e9niles r\u00e9clament de la nourriture par des cris d'appel plus longs \" hiiiuuuh\".\"=\"\" title=\"La femelle en couvaison et les juv\u00e9niles r\u00e9clament de la nourriture par des cris d'appel plus longs \" src=\"https:\/\/www.mnemolia.com\/images\/66\/ms\/MADLdnVax_0.jpg\">\n                                <p>La femelle en couvaison et les juv\u00e9niles r\u00e9clament de la nourriture par des <strong>cris d'appel<\/strong> plus <strong>longs<\/strong> \"hiiiuuuh\".<\/p>\n                                    <audio controls=\"\" controlslist=\"nodownload\">\n                                        <source src=\"https:\/\/d3qbl39ojtqup3.cloudfront.net\/mnemo_audio\/66\/abf59244a2d5c5227a03d9702ba6f41d.mp3\" type=\"audio\/mp3\">\n                                    <\/audio>\n                                                    \n                    <\/div>\n            <\/div><h2>Comment se reproduit l'\u00e9pervier d'Europe ?<\/h2><div class=\"cardsGrid\">                    <div class=\"cardGrid\">\n                        \n                                                            <img decoding=\"async\" class=\"mnImg\" alt=\"La p\u00e9riode de reproduction de l'\u00e9pervier d'Europe s'\u00e9tend d'avril \u00e0 ao\u00fbt.\" title=\"La p\u00e9riode de reproduction de l'\u00e9pervier d'Europe s'\u00e9tend d'avril \u00e0 ao\u00fbt.\" src=\"https:\/\/www.mnemolia.com\/images\/66\/ms\/MADLdlNYr8I.jpg\">\n                                <p>La p\u00e9riode de reproduction de l'\u00e9pervier d'Europe s'\u00e9tend d'<strong>avril \u00e0 ao\u00fbt<\/strong>.<\/p>                        \n                    <\/div>\n                                <div class=\"cardGrid\">\n                        \n                                                            <img decoding=\"async\" class=\"mnImg\" alt=\"Il donne 1 couv\u00e9e par an de 4 \u00e0 6 \u0153ufs blanch\u00e2tre, jaune p\u00e2le ou bleu clair, tachet\u00e9s de sombre.\" title=\"Il donne 1 couv\u00e9e par an de 4 \u00e0 6 \u0153ufs blanch\u00e2tre, jaune p\u00e2le ou bleu clair, tachet\u00e9s de sombre.\" src=\"https:\/\/www.mnemolia.com\/images\/66\/ms\/MADLdiEJgTc.jpg\">\n                                <p>Il donne <strong>1 couv\u00e9e par an<\/strong> de 4 \u00e0 6 \u0153ufs blanch\u00e2tre, jaune p\u00e2le ou bleu clair, tachet\u00e9s de sombre.<\/p>                        \n                    <\/div>\n                                <div class=\"cardGrid\">\n                        \n                                                            <img decoding=\"async\" class=\"mnImg\" alt=\"Il niche dans les arbres, et de pr\u00e9f\u00e9rence dans les conif\u00e8res.\" title=\"Il niche dans les arbres, et de pr\u00e9f\u00e9rence dans les conif\u00e8res.\" src=\"https:\/\/www.mnemolia.com\/images\/66\/ms\/MADLdl27kcM.jpg\">\n                                <p>Il niche dans les <strong>arbres<\/strong>, et de pr\u00e9f\u00e9rence dans les <strong>conif\u00e8res<\/strong>.<\/p>                        \n                    <\/div>\n                                <div class=\"cardGrid\">\n                        \n                                                            <img decoding=\"async\" class=\"mnImg\" alt=\"Son nid est une plateforme de branches, d'\u00e9corce et de feuilles.\" title=\"Son nid est une plateforme de branches, d'\u00e9corce et de feuilles.\" src=\"https:\/\/www.mnemolia.com\/images\/66\/ms\/MADLdkIFs1Y.jpg\">\n                                <p>Son nid est <strong>une plateforme<\/strong> de branches, d'\u00e9corce et de feuilles.<\/p>                        \n                    <\/div>\n            <\/div><h2>Comment se nourrit l'\u00e9pervier d'Europe ?<\/h2><div class=\"cardsGrid\">                    <div class=\"cardGrid\">\n                        \n                                                            <img decoding=\"async\" class=\"mnImg\" alt=\"L'\u00e9pervier d'Europe s'approche discr\u00e8tement de ses proies, cach\u00e9 par les haies, arbres... et surgit en un \u00e9clair capturant sa proie, serres projet\u00e9es en avant.\" title=\"L'\u00e9pervier d'Europe s'approche discr\u00e8tement de ses proies, cach\u00e9 par les haies, arbres... et surgit en un \u00e9clair capturant sa proie, serres projet\u00e9es en avant.\" src=\"https:\/\/www.mnemolia.com\/images\/66\/ms\/MAEI2qFlWDk.jpg\">\n                                <p>L'\u00e9pervier d'Europe <strong>s'approche discr\u00e8tement<\/strong> de ses proies, cach\u00e9 par les haies, arbres\u2026 et <strong>surgit en un \u00e9clair<\/strong> capturant sa proie, <strong>serres projet\u00e9es en avant<\/strong>.<\/p>                        \n                    <\/div>\n                                <div class=\"cardGrid\">\n                        \n                                                            <img decoding=\"async\" class=\"mnImg\" alt=\"Le m\u00e2le, plus petit, se nourrit d'oiseaux pas plus grands qu'une grive : m\u00e9sanges, moineaux, bruants, linottes, chardonnerets, grives...\" title=\"Le m\u00e2le, plus petit, se nourrit d'oiseaux pas plus grands qu'une grive : m\u00e9sanges, moineaux, bruants, linottes, chardonnerets, grives...\" src=\"https:\/\/www.mnemolia.com\/images\/66\/ms\/MAD3zmiiwtM.jpg\">\n                                <p>Le m\u00e2le, plus petit, se nourrit d'oiseaux <strong>pas plus grands qu'une grive<\/strong> : m\u00e9sanges, moineaux, bruants, linottes, chardonnerets, grives\u2026<\/p>                        \n                    <\/div>\n                                <div class=\"cardGrid\">\n                        \n                                                            <img decoding=\"async\" class=\"mnImg\" alt=\"La femelle, plus grande, s'attaque \u00e0 des proies plus grosses : grives, merles, \u00e9tourneaux mais aussi des pies et des pigeons ramiers...\" title=\"La femelle, plus grande, s'attaque \u00e0 des proies plus grosses : grives, merles, \u00e9tourneaux mais aussi des pies et des pigeons ramiers...\" src=\"https:\/\/www.mnemolia.com\/images\/66\/ms\/MAEFisyUkuw.jpg\">\n                                <p>La femelle, plus grande, s'attaque \u00e0 des <strong>proies plus grosses<\/strong> : grives, merles, \u00e9tourneaux mais aussi des pies et des <strong>pigeons ramiers<\/strong>\u2026<\/p>                        \n                    <\/div>\n                                <div class=\"cardGrid\">\n                        \n                                                            <img decoding=\"async\" class=\"mnImg\" alt=\"Au jardin, les mangeoires pour petits oiseaux est son terrain de chasse pr\u00e9f\u00e9r\u00e9.\" title=\"Au jardin, les mangeoires pour petits oiseaux est son terrain de chasse pr\u00e9f\u00e9r\u00e9.\" src=\"https:\/\/www.mnemolia.com\/images\/66\/ms\/MADAFckzqyc.jpg\">\n                                <p>Au jardin, les mangeoires pour petits oiseaux est son <strong>terrain de chasse pr\u00e9f\u00e9r\u00e9<\/strong>.<\/p>                        \n                    <\/div>\n                                <div class=\"cardGrid\">\n                        \n                                                            <img decoding=\"async\" class=\"mnImg\" alt=\"Sa pr\u00e9dation r\u00e9gule les esp\u00e8ces r\u00e9pandues : le moineau, la m\u00e9sange charbonni\u00e8re, le verdier et le merle.\" title=\"Sa pr\u00e9dation r\u00e9gule les esp\u00e8ces r\u00e9pandues : le moineau, la m\u00e9sange charbonni\u00e8re, le verdier et le merle.\" src=\"https:\/\/www.mnemolia.com\/images\/66\/ms\/MAD7kaytVbc.jpg\">\n                                <p>Sa pr\u00e9dation <strong>r\u00e9gule les esp\u00e8ces r\u00e9pandues<\/strong> : le moineau, la m\u00e9sange charbonni\u00e8re, le verdier et le merle.<\/p>                        \n                    <\/div>\n            <\/div><h2>O\u00f9 trouver l'\u00e9pervier d'Europe ?<\/h2><div class=\"cardsGrid\">                    <div class=\"cardGrid\">\n                        \n                                                            <img decoding=\"async\" class=\"mnImg\" alt=\"L'\u00e9pervier d'Europe vit dans les espaces bois\u00e9s de feuillus et mixtes...\" title=\"L'\u00e9pervier d'Europe vit dans les espaces bois\u00e9s de feuillus et mixtes...\" src=\"https:\/\/www.mnemolia.com\/images\/66\/ms\/MADLdpCuCcA.jpg\">\n                                <p>L'\u00e9pervier d'Europe vit dans les espaces <strong>bois\u00e9s de feuillus et mixtes<\/strong>\u2026<\/p>                        \n                    <\/div>\n                                <div class=\"cardGrid\">\n                        \n                                                            <img decoding=\"async\" class=\"mnImg\" alt=\"et dans les r\u00e9gions cultiv\u00e9es avec des haies et bosquets.\" title=\"et dans les r\u00e9gions cultiv\u00e9es avec des haies et bosquets.\" src=\"https:\/\/www.mnemolia.com\/images\/66\/ms\/MADAAVpL4LY.jpg\">\n                                <p>et dans les <strong>r\u00e9gions cultiv\u00e9es<\/strong> avec des haies et bosquets.<\/p>                        \n                    <\/div>\n                                <div class=\"cardGrid\">\n                        \n                                                            <img decoding=\"async\" class=\"mnImg\" alt=\"On le trouve aussi en montagne et dans les parcs et jardins des villes et villages.\" title=\"On le trouve aussi en montagne et dans les parcs et jardins des villes et villages.\" src=\"https:\/\/www.mnemolia.com\/images\/66\/ms\/MAD31gMXFXw.jpg\">\n                                <p>On le trouve aussi en <strong>montagne<\/strong> et dans les <strong>parcs et jardins<\/strong> des villes et villages.<\/p>                        \n                    <\/div>\n                                <div class=\"cardGrid\">\n                        \n                                                            <img decoding=\"async\" class=\"mnImg\" alt=\"C'est une esp\u00e8ce s\u00e9dentaire et parfois migratrice de courte distance.\" title=\"C'est une esp\u00e8ce s\u00e9dentaire et parfois migratrice de courte distance.\" src=\"https:\/\/www.mnemolia.com\/images\/66\/ms\/MAEI-3pJPeI.jpg\">\n                                <p>C'est une esp\u00e8ce <strong>s\u00e9dentaire<\/strong> et parfois <strong>migratrice de courte distance<\/strong>.<\/p>                        \n                    <\/div>\n            <\/div>            <iframe width=\"560\" height=\"315\" src=\"https:\/\/www.youtube.com\/embed\/zK6BStX784I\" title=\"YouTube video player\" frameborder=\"0\" allow=\"accelerometer; autoplay; clipboard-write; encrypted-media; gyroscope; picture-in-picture\" allowfullscreen=\"\"><\/iframe>\n\n                <h2>Pour aller plus loin<\/h2>\n<ul>\n\t<li><a href=\"https:\/\/en.wikipedia.org\/wiki\/Eurasian_sparrowhawk\" target=\"_blank\" rel=\"noopener\">https:\/\/en.wikipedia.org\/wiki\/Eurasian_sparrowhawk<\/a><\/li>\n\t<li><a href=\"https:\/\/ebird.org\/species\/eurspa1\" target=\"_blank\" rel=\"noopener\">https:\/\/ebird.org\/species\/eurspa1<\/a><\/li>\n\n<\/ul>\n\n                <h3>Pour en apprendre toujours plus sur les oiseaux et l'ornithologie, suivez-nous sur Facebook, Insta et Tik-Tok!<\/h3><p>\n<\/p><div class=\"rsBar\">\n<a href=\"https:\/\/www.facebook.com\/ornithoMnemolia\/\" target=\"_blank\" rel=\"noopener\"><img decoding=\"async\" class=\"\" alt=\"Facebook Ornitho Mnemolia\" title=\"Facebook Ornitho Mnemolia\" src=\"https:\/\/www.mnemolia.com\/images\/66\/birds_fb.png\" width=\"60\"><\/a>\n<a href=\"https:\/\/www.instagram.com\/ornitho.mnemolia\/\" target=\"_blank\" rel=\"noopener\"><img decoding=\"async\" class=\"\" alt=\"Instagram Ornitho Mnemolia\" title=\"Instagram Ornitho Mnemolia\" src=\"https:\/\/www.mnemolia.com\/images\/66\/birds_ig.png\" width=\"60\"><\/a>\n<a href=\"https:\/\/www.tiktok.com\/@ornithomnemolia\" target=\"_blank\" rel=\"noopener\"><img decoding=\"async\" class=\"\" alt=\"Tik-Tok Ornitho Mnemolia\" title=\"Tik-Tok Ornitho Mnemolia\" src=\"https:\/\/www.mnemolia.com\/images\/66\/birds_tt.png\" width=\"60\"><\/a>\n<\/div>\n","protected":false},"excerpt":{"rendered":"<p>Comment reconna\u00eetre l'\u00e9pervier d'Europe par son plumage ? L'\u00e9pervier d'Europe est un rapace de la taille d'un faucon. Il a le dessus de la t\u00eate bleu-ardoise avec des joues rousses, un bec crochu et des yeux jaunes. Ses yeux sont jaunes. Son bec est crochu et tranchant, typique des rapaces. Les doigts de ses pieds [&hellip;]<\/p>\n","protected":false},"author":1,"featured_media":593,"comment_status":"closed","ping_status":"open","sticky":false,"template":"","format":"standard","meta":{"_et_pb_use_builder":"off","_et_pb_old_content":"","_et_gb_content_width":"","footnotes":""},"categories":[9],"tags":[],"class_list":["post-592","post","type-post","status-publish","format-standard","has-post-thumbnail","hentry","category-ornitho","et-has-post-format-content","et_post_format-et-post-format-standard"],"_links":{"self":[{"href":"https:\/\/www.mnemolia.com\/stories\/wp-json\/wp\/v2\/posts\/592"}],"collection":[{"href":"https:\/\/www.mnemolia.com\/stories\/wp-json\/wp\/v2\/posts"}],"about":[{"href":"https:\/\/www.mnemolia.com\/stories\/wp-json\/wp\/v2\/types\/post"}],"author":[{"embeddable":true,"href":"https:\/\/www.mnemolia.com\/stories\/wp-json\/wp\/v2\/users\/1"}],"replies":[{"embeddable":true,"href":"https:\/\/www.mnemolia.com\/stories\/wp-json\/wp\/v2\/comments?post=592"}],"version-history":[{"count":1,"href":"https:\/\/www.mnemolia.com\/stories\/wp-json\/wp\/v2\/posts\/592\/revisions"}],"predecessor-version":[{"id":594,"href":"https:\/\/www.mnemolia.com\/stories\/wp-json\/wp\/v2\/posts\/592\/revisions\/594"}],"wp:featuredmedia":[{"embeddable":true,"href":"https:\/\/www.mnemolia.com\/stories\/wp-json\/wp\/v2\/media\/593"}],"wp:attachment":[{"href":"https:\/\/www.mnemolia.com\/stories\/wp-json\/wp\/v2\/media?parent=592"}],"wp:term":[{"taxonomy":"category","embeddable":true,"href":"https:\/\/www.mnemolia.com\/stories\/wp-json\/wp\/v2\/categories?post=592"},{"taxonomy":"post_tag","embeddable":true,"href":"https:\/\/www.mnemolia.com\/stories\/wp-json\/wp\/v2\/tags?post=592"}],"curies":[{"name":"wp","href":"https:\/\/api.w.org\/{rel}","templated":true}]}}