{"id":535,"date":"2021-11-04T12:19:37","date_gmt":"2021-11-04T11:19:37","guid":{"rendered":"https:\/\/www.mnemolia.com\/stories\/?p=535"},"modified":"2024-08-20T20:12:13","modified_gmt":"2024-08-20T18:12:13","slug":"comment-reconnaitre-la-fauvette-a-tete-noire","status":"publish","type":"post","link":"https:\/\/www.mnemolia.com\/stories\/ornitho\/comment-reconnaitre-la-fauvette-a-tete-noire\/","title":{"rendered":"Comment reconna\u00eetre la fauvette \u00e0 t\u00eate noire ?"},"content":{"rendered":"\n<h2>Comment reconna\u00eetre la fauvette \u00e0 t\u00eate noire par son plumage ?<\/h2><div class=\"cardsGrid\">                    <div class=\"cardGrid\">\n                        \n                                                            <img decoding=\"async\" class=\"mnImg\" alt=\"On reconna\u00eet la fauvette \u00e0 t\u00eate noire \u00e0 son plumage gris et \u00e0 sa calotte noire sur la t\u00eate.\" title=\"On reconna\u00eet la fauvette \u00e0 t\u00eate noire \u00e0 son plumage gris et \u00e0 sa calotte noire sur la t\u00eate.\" src=\"https:\/\/www.mnemolia.com\/images\/66\/ms\/MADnWGRk7_A.jpg\">\n                                <p>On reconna\u00eet la fauvette \u00e0 t\u00eate noire \u00e0 son <strong>plumage gris<\/strong> et \u00e0 sa <strong>calotte noire<\/strong> sur la t\u00eate.<\/p>                        \n                    <\/div>\n                                <div class=\"cardGrid\">\n                        \n                                                            <img decoding=\"async\" class=\"mnImg\" alt=\"Ses yeux sont noirs.\" title=\"Ses yeux sont noirs.\" src=\"https:\/\/www.mnemolia.com\/images\/66\/ms\/MADmrTJ5in8.jpg\">\n                                <p>Ses yeux sont <strong>noirs<\/strong>.<\/p>                        \n                    <\/div>\n                                <div class=\"cardGrid\">\n                        \n                                                            <img decoding=\"async\" class=\"mnImg\" alt=\"Ses pattes sont gris fonc\u00e9.\" title=\"Ses pattes sont gris fonc\u00e9.\" src=\"https:\/\/www.mnemolia.com\/images\/66\/ms\/MADrEj_zGTA.jpg\">\n                                <p>Ses pattes sont <strong>gris fonc\u00e9<\/strong>.<\/p>                        \n                    <\/div>\n                                <div class=\"cardGrid\">\n                        \n                                                            <img decoding=\"async\" class=\"mnImg\" alt=\"Le dessus de son corps est plus fonc\u00e9 que le dessous.\" title=\"Le dessus de son corps est plus fonc\u00e9 que le dessous.\" src=\"https:\/\/www.mnemolia.com\/images\/66\/ms\/MADnVwM37tg.jpg\">\n                                <p>Le dessus de son corps est <strong>plus fonc\u00e9<\/strong> que le dessous.<\/p>                        \n                    <\/div>\n                                <div class=\"cardGrid\">\n                        \n                                                            <img decoding=\"async\" class=\"mnImg\" alt=\"La femelle se distingue avec sa calotte rousse.\" title=\"La femelle se distingue avec sa calotte rousse.\" src=\"https:\/\/www.mnemolia.com\/images\/66\/ms\/MADOEkf6vjY.jpg\">\n                                <p>La femelle se distingue avec sa <strong>calotte rousse<\/strong>.<\/p>                        \n                    <\/div>\n                                <div class=\"cardGrid\">\n                        \n                                                            <img decoding=\"async\" class=\"mnImg logoImg\" style=\"opacity:0.5;\" alt=\"La femelle se distingue avec sa calotte rousse.\" title=\"La femelle se distingue avec sa calotte rousse.\" src=\"https:\/\/www.mnemolia.com\/images\/icons\/birds_logo_b.svg\">\n                                <p>La fauvette \u00e0 t\u00eate noire est de la <strong>taille d'un moineau<\/strong>.<\/p>                        \n                    <\/div>\n            <\/div><h2>Comment se comporte la fauvette \u00e0 t\u00eate noire ?<\/h2><div class=\"cardsGrid\">                    <div class=\"cardGrid\">\n                        \n                                                            <img decoding=\"async\" class=\"mnImg\" alt=\"Elle est souvent cach\u00e9e dans les arbustes.\" title=\"Elle est souvent cach\u00e9e dans les arbustes.\" src=\"https:\/\/www.mnemolia.com\/images\/66\/ms\/MADrEhesKLI.jpg\">\n                                <p>Elle est souvent <strong>cach\u00e9e<\/strong> dans les arbustes.<\/p>                        \n                    <\/div>\n                                <div class=\"cardGrid\">\n                        \n                                                            <img decoding=\"async\" class=\"mnImg\" alt=\"On la remarque \u00e0 son chant sonore et m\u00e9lodieux.\" title=\"On la remarque \u00e0 son chant sonore et m\u00e9lodieux.\" src=\"https:\/\/www.mnemolia.com\/images\/66\/ms\/MAEELzWLIUY.jpg\">\n                                <p>On la remarque \u00e0 son <strong>chant<\/strong> sonore et m\u00e9lodieux.<\/p>                        \n                    <\/div>\n            <\/div><h2>Comment reconna\u00eetre le chant de la fauvette \u00e0 t\u00eate noire ?<\/h2><div class=\"cardsGrid\">                    <div class=\"cardGrid\">\n                        \n                                                            <img decoding=\"async\" class=\"mnImg\" alt=\"Son chant est puissant, fl\u00fbt\u00e9 et babillard (bavard).\" title=\"Son chant est puissant, fl\u00fbt\u00e9 et babillard (bavard).\" src=\"https:\/\/www.mnemolia.com\/images\/66\/ms\/MADBZtZ_014.jpg\">\n                                <p>Son chant est <strong>puissant, fl\u00fbt\u00e9<\/strong> et babillard (bavard).<\/p>\n                                    <audio controls=\"\" controlslist=\"nodownload\">\n                                        <source src=\"https:\/\/d3qbl39ojtqup3.cloudfront.net\/mnemo_audio\/66\/59ecdfedf39bdc0c72535d6d0e7f875d.mp3\" type=\"audio\/mp3\">\n                                    <\/audio>\n                                                    \n                    <\/div>\n                                <div class=\"cardGrid\">\n                        \n                                                            <img decoding=\"async\" class=\"mnImg\" alt=\"Elle pousse aussi des cris \" tac=\"\" tac\".\"=\"\" title=\"Elle pousse aussi des cris \" src=\"https:\/\/www.mnemolia.com\/images\/66\/ms\/MADV4sVy3RM.jpg\">\n                                <p>Elle pousse aussi des <strong>cris \"tac tac\"<\/strong>.<\/p>\n                                    <audio controls=\"\" controlslist=\"nodownload\">\n                                        <source src=\"https:\/\/d3qbl39ojtqup3.cloudfront.net\/mnemo_audio\/66\/cfc8aee48f5c868c4c529a076bdd7d9a.mp3\" type=\"audio\/mp3\">\n                                    <\/audio>\n                                                    \n                    <\/div>\n            <\/div><h2>Comment se reproduit la fauvette \u00e0 t\u00eate noire ?<\/h2><div class=\"cardsGrid\">                    <div class=\"cardGrid\">\n                        \n                                                            <img decoding=\"async\" class=\"mnImg logoImg\" style=\"opacity:0.5;\" alt=\"Elle pousse aussi des cris \" tac=\"\" tac\".\"=\"\" title=\"Elle pousse aussi des cris \" src=\"https:\/\/www.mnemolia.com\/images\/icons\/birdnestling_b.svg\">\n                                <p>La p\u00e9riode de reproduction de la fauvette \u00e0 t\u00eate noire s'\u00e9tend d'<strong>avril \u00e0 ao\u00fbt<\/strong>.<\/p>                        \n                    <\/div>\n                                <div class=\"cardGrid\">\n                        \n                                                            <img decoding=\"async\" class=\"mnImg\" alt=\"Elle donne 1 \u00e0 2 couv\u00e9es par an de 3 \u00e0 6 \u0153ufs brun\u00e2tres, tachet\u00e9s de brun ou marbr\u00e9s.\" title=\"Elle donne 1 \u00e0 2 couv\u00e9es par an de 3 \u00e0 6 \u0153ufs brun\u00e2tres, tachet\u00e9s de brun ou marbr\u00e9s.\" src=\"https:\/\/www.mnemolia.com\/images\/66\/ms\/MADAq4dM3gQ.jpg\">\n                                <p>Elle donne <strong>1 \u00e0 2 couv\u00e9es par an<\/strong> de 3 \u00e0 6 \u0153ufs brun\u00e2tres, tachet\u00e9s de brun ou marbr\u00e9s.<\/p>                        \n                    <\/div>\n                                <div class=\"cardGrid\">\n                        \n                                                            <img decoding=\"async\" class=\"mnImg\" alt=\"Son nid est une coupe de brindilles et d'herbe dans les arbres et arbustes.\" title=\"Son nid est une coupe de brindilles et d'herbe dans les arbres et arbustes.\" src=\"https:\/\/www.mnemolia.com\/images\/66\/ms\/MADR-zGtOQM.jpg\">\n                                <p>Son nid est une <strong>coupe de brindilles et d'herbe<\/strong> dans les arbres et arbustes.<\/p>                        \n                    <\/div>\n            <\/div><h2>Comment se nourrit la fauvette \u00e0 t\u00eate noire ?<\/h2><div class=\"cardsGrid\">                    <div class=\"cardGrid\">\n                        \n                                                            <img decoding=\"async\" class=\"mnImg\" alt=\"\u00c0 la saison des nids, elle se nourrit d'insectes.\" title=\"\u00c0 la saison des nids, elle se nourrit d'insectes.\" src=\"https:\/\/www.mnemolia.com\/images\/66\/ms\/MADrEj_zGTA.jpg\">\n                                <p>\u00c0 la saison des <strong>nids<\/strong>, elle se nourrit d'<strong>insectes<\/strong>.<\/p>                        \n                    <\/div>\n                                <div class=\"cardGrid\">\n                        \n                                                            <img decoding=\"async\" class=\"mnImg\" alt=\"En \u00e9t\u00e9 et en automne, elle se nourrit \u00e9galement de baies et de petits fruits.\" title=\"En \u00e9t\u00e9 et en automne, elle se nourrit \u00e9galement de baies et de petits fruits.\" src=\"https:\/\/www.mnemolia.com\/images\/66\/ms\/MAEEZtM--xU.jpg\">\n                                <p>En \u00e9t\u00e9 et en automne, elle se nourrit \u00e9galement de <strong>baies et de petits fruits<\/strong>.<\/p>                        \n                    <\/div>\n            <\/div><h2>O\u00f9 trouver la fauvette \u00e0 t\u00eate noire ?<\/h2><div class=\"cardsGrid\">                    <div class=\"cardGrid\">\n                        \n                                                            <img decoding=\"async\" class=\"mnImg\" alt=\"On retrouve la fauvette \u00e0 t\u00eate noire dans les bois, les bosquets, les haies et les parcs et jardins.\" title=\"On retrouve la fauvette \u00e0 t\u00eate noire dans les bois, les bosquets, les haies et les parcs et jardins.\" src=\"https:\/\/www.mnemolia.com\/images\/66\/ms\/MAEBilDSHdM.jpg\">\n                                <p>On retrouve la fauvette \u00e0 t\u00eate noire dans les <strong>bois, les bosquets, les haies et les parcs et jardins<\/strong>.<\/p>                        \n                    <\/div>\n                                <div class=\"cardGrid\">\n                        \n                                                            <img decoding=\"async\" class=\"mnImg\" alt=\"La fauvette \u00e0 t\u00eate noire est migratrice de courte \u00e0 longue distance.\" title=\"La fauvette \u00e0 t\u00eate noire est migratrice de courte \u00e0 longue distance.\" src=\"https:\/\/www.mnemolia.com\/images\/66\/ms\/MADBZmkdFfU.jpg\">\n                                <p>La fauvette \u00e0 t\u00eate noire est <strong>migratrice de courte \u00e0 longue distance<\/strong>.<\/p>                        \n                    <\/div>\n                                <div class=\"cardGrid\">\n                        \n                                                            <img decoding=\"async\" class=\"mnImg\" alt=\"Elle passe l'hiver sur le pourtour m\u00e9dit\u00e9rann\u00e9en.\" title=\"Elle passe l'hiver sur le pourtour m\u00e9dit\u00e9rann\u00e9en.\" src=\"https:\/\/www.mnemolia.com\/images\/66\/ms\/MADV4r8xPrA.jpg\">\n                                <p>Elle passe l'hiver sur le <strong>pourtour m\u00e9dit\u00e9rann\u00e9en<\/strong>.<\/p>                        \n                    <\/div>\n                                <div class=\"cardGrid\">\n                        \n                                                            <img decoding=\"async\" class=\"mnImg\" alt=\"Son comportement migratoire a r\u00e9cemment chang\u00e9 car elle hiverne aussi sur la fa\u00e7ade atlantique de l'Europe.\" title=\"Son comportement migratoire a r\u00e9cemment chang\u00e9 car elle hiverne aussi sur la fa\u00e7ade atlantique de l'Europe.\" src=\"https:\/\/www.mnemolia.com\/images\/66\/ms\/MADV4h5e8tQ.jpg\">\n                                <p>Son comportement migratoire <strong>a r\u00e9cemment chang\u00e9<\/strong> car elle hiverne aussi sur la <strong>fa\u00e7ade atlantique de l'Europe<\/strong>.<\/p>                        \n                    <\/div>\n                                <div class=\"cardGrid\">\n                        \n                                                            <img decoding=\"async\" class=\"mnImg\" alt=\"Ce changement pourrait \u00eatre d\u00fb au r\u00e9chauffement climatique et au nourrissage des oiseaux en hiver.\" title=\"Ce changement pourrait \u00eatre d\u00fb au r\u00e9chauffement climatique et au nourrissage des oiseaux en hiver.\" src=\"https:\/\/www.mnemolia.com\/images\/66\/ms\/MACTAuVkAjM.jpg\">\n                                <p>Ce changement pourrait \u00eatre d\u00fb au <strong>r\u00e9chauffement climatique<\/strong> et au <strong>nourrissage<\/strong> des oiseaux en hiver.<\/p>                        \n                    <\/div>\n            <\/div>            <iframe width=\"560\" height=\"315\" src=\"https:\/\/www.youtube.com\/embed\/06TVma9L-6o\" title=\"YouTube video player\" frameborder=\"0\" allow=\"accelerometer; autoplay; clipboard-write; encrypted-media; gyroscope; picture-in-picture\" allowfullscreen=\"\"><\/iframe>\n\n                <h2>Pour aller plus loin<\/h2>\n<ul>\n\t<li><a href=\"https:\/\/en.wikipedia.org\/wiki\/Eurasian_blackcap\" target=\"_blank\" rel=\"noopener\">https:\/\/en.wikipedia.org\/wiki\/Eurasian_blackcap<\/a><\/li>\n\t<li><a href=\"https:\/\/ebird.org\/species\/blackc1\" target=\"_blank\" rel=\"noopener\">https:\/\/ebird.org\/species\/blackc1<\/a><\/li>\n\t<li><a href=\"http:\/\/datazone.birdlife.org\/species\/factsheet\/eurasian-blackcap-sylvia-atricapilla\" target=\"_blank\" rel=\"noopener\">http:\/\/datazone.birdlife.org\/species\/factsheet\/eurasian-blackcap-sylvia-atricapilla<\/a><\/li>\n<\/ul>\n\n                <h3>Pour en apprendre toujours plus sur les oiseaux et l'ornithologie, suivez-nous sur Facebook, Insta et Tik-Tok!<\/h3><p>\n<\/p><div class=\"rsBar\">\n<a href=\"https:\/\/www.facebook.com\/ornithoMnemolia\/\" target=\"_blank\" rel=\"noopener\"><img decoding=\"async\" class=\"\" alt=\"Facebook Ornitho Mnemolia\" title=\"Facebook Ornitho Mnemolia\" src=\"https:\/\/www.mnemolia.com\/images\/66\/birds_fb.png\" width=\"60\"><\/a>\n<a href=\"https:\/\/www.instagram.com\/ornitho.mnemolia\/\" target=\"_blank\" rel=\"noopener\"><img decoding=\"async\" class=\"\" alt=\"Instagram Ornitho Mnemolia\" title=\"Instagram Ornitho Mnemolia\" src=\"https:\/\/www.mnemolia.com\/images\/66\/birds_ig.png\" width=\"60\"><\/a>\n<a href=\"https:\/\/www.tiktok.com\/@ornithomnemolia\" target=\"_blank\" rel=\"noopener\"><img decoding=\"async\" class=\"\" alt=\"Tik-Tok Ornitho Mnemolia\" title=\"Tik-Tok Ornitho Mnemolia\" src=\"https:\/\/www.mnemolia.com\/images\/66\/birds_tt.png\" width=\"60\"><\/a>\n<\/div>\n","protected":false},"excerpt":{"rendered":"<p>Comment reconna\u00eetre la fauvette \u00e0 t\u00eate noire par son plumage ? On reconna\u00eet la fauvette \u00e0 t\u00eate noire \u00e0 son plumage gris et \u00e0 sa calotte noire sur la t\u00eate. Ses yeux sont noirs. Ses pattes sont gris fonc\u00e9. Le dessus de son corps est plus fonc\u00e9 que le dessous. La femelle se distingue avec [&hellip;]<\/p>\n","protected":false},"author":1,"featured_media":536,"comment_status":"closed","ping_status":"open","sticky":false,"template":"","format":"standard","meta":{"_et_pb_use_builder":"off","_et_pb_old_content":"","_et_gb_content_width":"","footnotes":""},"categories":[9],"tags":[],"class_list":["post-535","post","type-post","status-publish","format-standard","has-post-thumbnail","hentry","category-ornitho","et-has-post-format-content","et_post_format-et-post-format-standard"],"_links":{"self":[{"href":"https:\/\/www.mnemolia.com\/stories\/wp-json\/wp\/v2\/posts\/535"}],"collection":[{"href":"https:\/\/www.mnemolia.com\/stories\/wp-json\/wp\/v2\/posts"}],"about":[{"href":"https:\/\/www.mnemolia.com\/stories\/wp-json\/wp\/v2\/types\/post"}],"author":[{"embeddable":true,"href":"https:\/\/www.mnemolia.com\/stories\/wp-json\/wp\/v2\/users\/1"}],"replies":[{"embeddable":true,"href":"https:\/\/www.mnemolia.com\/stories\/wp-json\/wp\/v2\/comments?post=535"}],"version-history":[{"count":1,"href":"https:\/\/www.mnemolia.com\/stories\/wp-json\/wp\/v2\/posts\/535\/revisions"}],"predecessor-version":[{"id":537,"href":"https:\/\/www.mnemolia.com\/stories\/wp-json\/wp\/v2\/posts\/535\/revisions\/537"}],"wp:featuredmedia":[{"embeddable":true,"href":"https:\/\/www.mnemolia.com\/stories\/wp-json\/wp\/v2\/media\/536"}],"wp:attachment":[{"href":"https:\/\/www.mnemolia.com\/stories\/wp-json\/wp\/v2\/media?parent=535"}],"wp:term":[{"taxonomy":"category","embeddable":true,"href":"https:\/\/www.mnemolia.com\/stories\/wp-json\/wp\/v2\/categories?post=535"},{"taxonomy":"post_tag","embeddable":true,"href":"https:\/\/www.mnemolia.com\/stories\/wp-json\/wp\/v2\/tags?post=535"}],"curies":[{"name":"wp","href":"https:\/\/api.w.org\/{rel}","templated":true}]}}