{"id":472,"date":"2021-10-25T17:46:02","date_gmt":"2021-10-25T15:46:02","guid":{"rendered":"https:\/\/www.mnemolia.com\/stories\/?p=472"},"modified":"2024-08-20T20:12:16","modified_gmt":"2024-08-20T18:12:16","slug":"comment-reconnaitre-le-tarin-des-aulnes","status":"publish","type":"post","link":"https:\/\/www.mnemolia.com\/stories\/ornitho\/comment-reconnaitre-le-tarin-des-aulnes\/","title":{"rendered":"Comment reconna\u00eetre le tarin des aulnes ?"},"content":{"rendered":"\n<h2>Comment reconna\u00eetre le tarin des aulnes par son plumage ?<\/h2><div class=\"cardsGrid\">                    <div class=\"cardGrid\">\n                        \n                                                            <img decoding=\"async\" class=\"mnImg\" alt=\"Le tarin des aulnes a un plumage vert-jaune.\" title=\"Le tarin des aulnes a un plumage vert-jaune.\" src=\"https:\/\/www.mnemolia.com\/images\/66\/ms\/MADXk3xuN2w.jpg\">\n                                <p>Le tarin des aulnes a un plumage <strong>vert-jaune<\/strong>.<\/p>                        \n                    <\/div>\n                                <div class=\"cardGrid\">\n                        \n                                                            <img decoding=\"async\" class=\"mnImg\" alt=\"Il a une calotte et un menton noirs et des joues jaunes avec des nuances verd\u00e2tres. \" title=\"Il a une calotte et un menton noirs et des joues jaunes avec des nuances verd\u00e2tres. \" src=\"https:\/\/www.mnemolia.com\/images\/66\/ms\/MAC4VFYBBeo.jpg\">\n                                <p>Il a une calotte et un menton <strong>noirs<\/strong> et des joues <strong>jaunes<\/strong> avec des <strong>nuances verd\u00e2tres<\/strong>.<\/p>                        \n                    <\/div>\n                                <div class=\"cardGrid\">\n                        \n                                                            <img decoding=\"async\" class=\"mnImg\" alt=\"Le dessus du corps est vert-jaun\u00e2tre.\" title=\"Le dessus du corps est vert-jaun\u00e2tre.\" src=\"https:\/\/www.mnemolia.com\/images\/66\/ms\/MACzXAlHPSQ.jpg\">\n                                <p>Le dessus du corps est <strong>vert-jaun\u00e2tre<\/strong>.<\/p>                        \n                    <\/div>\n                                <div class=\"cardGrid\">\n                        \n                                                            <img decoding=\"async\" class=\"mnImg\" alt=\"La poitrine et le ventre sont plus ou moins jaunes avec des rayures sur le ventre.\" title=\"La poitrine et le ventre sont plus ou moins jaunes avec des rayures sur le ventre.\" src=\"https:\/\/www.mnemolia.com\/images\/66\/ms\/MAC1DGMWdiM.jpg\">\n                                <p>La poitrine et le ventre sont <strong>plus ou moins jaunes<\/strong> avec des <strong>rayures<\/strong> sur le ventre.<\/p>                        \n                    <\/div>\n                                <div class=\"cardGrid\">\n                        \n                                                            <img decoding=\"async\" class=\"mnImg\" alt=\"La femelle est d'un vert plus gris\u00e2tre, son ventre est moins jaune et plus ray\u00e9 et elle n'a pas de calotte noire.\" title=\"La femelle est d'un vert plus gris\u00e2tre, son ventre est moins jaune et plus ray\u00e9 et elle n'a pas de calotte noire.\" src=\"https:\/\/www.mnemolia.com\/images\/66\/ms\/MAD3szlU-R4.jpg\">\n                                <p>La femelle est d'un <strong>vert plus gris\u00e2tre<\/strong>, son ventre est <strong>moins jaune et plus ray\u00e9<\/strong> et elle n'a <strong>pas de calotte noire<\/strong>.<\/p>                        \n                    <\/div>\n                                <div class=\"cardGrid\">\n                        \n                                                            <img decoding=\"async\" class=\"mnImg\" alt=\"Les ailes sont noires avec une bande alaire jaune.\" title=\"Les ailes sont noires avec une bande alaire jaune.\" src=\"https:\/\/www.mnemolia.com\/images\/66\/ms\/MAEEvA8yvo4.jpg\">\n                                <p>Les ailes sont <strong>noires<\/strong> avec une <strong>bande alaire jaune<\/strong>.<\/p>                        \n                    <\/div>\n                                <div class=\"cardGrid\">\n                        \n                                                            <img decoding=\"async\" class=\"mnImg\" alt=\"En vol on remarque bien la couleur des ailes.\" title=\"En vol on remarque bien la couleur des ailes.\" src=\"https:\/\/www.mnemolia.com\/images\/66\/ms\/MAEAclns5RA.jpg\">\n                                <p>En vol on remarque bien la <strong>couleur des ailes<\/strong>.<\/p>                        \n                    <\/div>\n                                <div class=\"cardGrid\">\n                        \n                                                            <img decoding=\"async\" class=\"mnImg\" alt=\"Son bec est puissant et pointu.\" title=\"Son bec est puissant et pointu.\" src=\"https:\/\/www.mnemolia.com\/images\/66\/ms\/MAEEYf3KNvc.jpg\">\n                                <p>Son bec est <strong>puissant et pointu<\/strong>.<\/p>                        \n                    <\/div>\n            <\/div><h2>Comment se comporte le tarin des aulnes ?<\/h2><div class=\"cardsGrid\">                    <div class=\"cardGrid\">\n                        \n                                                            <img decoding=\"async\" class=\"mnImg\" alt=\"Le tarin des aulnes est tr\u00e8s sociable. Il se d\u00e9place souvent en groupe, aussi bien en hiver qu'\u00e0 la saison des nids.\" title=\"Le tarin des aulnes est tr\u00e8s sociable. Il se d\u00e9place souvent en groupe, aussi bien en hiver qu'\u00e0 la saison des nids.\" src=\"https:\/\/www.mnemolia.com\/images\/66\/ms\/MADFndsHV_I.jpg\">\n                                <p>Le tarin des aulnes est <strong>tr\u00e8s sociable<\/strong>. Il se d\u00e9place souvent <strong>en groupe<\/strong>, aussi bien <strong>en hiver<\/strong> qu'\u00e0 la <strong>saison des nids<\/strong>.<\/p>                        \n                    <\/div>\n                                <div class=\"cardGrid\">\n                        \n                                                            <img decoding=\"async\" class=\"mnImg\" alt=\"On peut le voir faire des acrobaties comme les m\u00e9sanges dans les aulnes \u00e0 la recherche de graines.\" title=\"On peut le voir faire des acrobaties comme les m\u00e9sanges dans les aulnes \u00e0 la recherche de graines.\" src=\"https:\/\/www.mnemolia.com\/images\/66\/ms\/MADRE0tu9Pw.jpg\">\n                                <p>On peut le voir faire des <strong>acrobaties<\/strong> comme les m\u00e9sanges <strong>dans les aulnes<\/strong> \u00e0 la recherche de graines.<\/p>                        \n                    <\/div>\n                                <div class=\"cardGrid\">\n                        \n                                                            <img decoding=\"async\" class=\"mnImg\" alt=\"Il visite les mangeoires plut\u00f4t \u00e0 la fin de l'hiver.\" title=\"Il visite les mangeoires plut\u00f4t \u00e0 la fin de l'hiver.\" src=\"https:\/\/www.mnemolia.com\/images\/66\/ms\/MACz3sGRuNk.jpg\">\n                                <p>Il visite les mangeoires plut\u00f4t \u00e0 la <strong>fin de l'hiver<\/strong>.<\/p>                        \n                    <\/div>\n            <\/div><h2>Comment reconna\u00eetre le chant du tarin des aulnes ?<\/h2><div class=\"cardsGrid\">                    <div class=\"cardGrid\">\n                        \n                                                            <img decoding=\"async\" class=\"mnImg\" alt=\"On remarque plus facilement le tarin des aulnes \u00e0 ses cris et chants car il est tr\u00e8s discret.\" title=\"On remarque plus facilement le tarin des aulnes \u00e0 ses cris et chants car il est tr\u00e8s discret.\" src=\"https:\/\/www.mnemolia.com\/images\/66\/ms\/MAC9kV0t6XU.jpg\">\n                                <p>On remarque plus facilement le tarin des aulnes \u00e0 ses <strong>cris et chants<\/strong> car il est tr\u00e8s discret.<\/p>                        \n                    <\/div>\n                                <div class=\"cardGrid\">\n                        \n                                                            <img decoding=\"async\" class=\"mnImg\" alt=\"En vol, il \u00e9met un \" tuli\"=\"\" m\u00e9lancolique.\"=\"\" title=\"En vol, il \u00e9met un \" src=\"https:\/\/www.mnemolia.com\/images\/66\/ms\/MAEAchfngHg.jpg\">\n                                <p>En vol, il \u00e9met un <strong>\"tuli\" m\u00e9lancolique<\/strong>.<\/p>\n                                    <audio controls=\"\" controlslist=\"nodownload\">\n                                        <source src=\"https:\/\/d3qbl39ojtqup3.cloudfront.net\/mnemo_audio\/66\/46074009a8c707d793d498ca698a54d4.mp3\" type=\"audio\/mp3\">\n                                    <\/audio>\n                                                    \n                    <\/div>\n                                <div class=\"cardGrid\">\n                        \n                                                            <img decoding=\"async\" class=\"mnImg\" alt=\"Son chant est un gazouilli musical m\u00eal\u00e9 de cris d'imitations et se terminant par une fioriture nasale.\" title=\"Son chant est un gazouilli musical m\u00eal\u00e9 de cris d'imitations et se terminant par une fioriture nasale.\" src=\"https:\/\/www.mnemolia.com\/images\/66\/ms\/MADRE1Di6og.jpg\">\n                                <p>Son chant est un <strong>gazouilli musical m\u00eal\u00e9 de cris d'imitations<\/strong> et se terminant par une <strong>fioriture nasale<\/strong>.<\/p>\n                                    <audio controls=\"\" controlslist=\"nodownload\">\n                                        <source src=\"https:\/\/d3qbl39ojtqup3.cloudfront.net\/mnemo_audio\/66\/d5982a694f5511dc60e585e3bb0ba8e2.mp3\" type=\"audio\/mp3\">\n                                    <\/audio>\n                                                    \n                    <\/div>\n                                <div class=\"cardGrid\">\n                        \n                                                            <img decoding=\"async\" class=\"mnImg\" alt=\"Il chante en g\u00e9n\u00e9ral en haut des arbres ou en vol, d\u00e8s la fin du mois de janvier.\" title=\"Il chante en g\u00e9n\u00e9ral en haut des arbres ou en vol, d\u00e8s la fin du mois de janvier.\" src=\"https:\/\/www.mnemolia.com\/images\/66\/ms\/MACuekRyWIU.jpg\">\n                                <p>Il chante en g\u00e9n\u00e9ral <strong>en haut des arbres ou en vol<\/strong>, d\u00e8s la <strong>fin du mois de janvier<\/strong>.<\/p>                        \n                    <\/div>\n            <\/div><h2>Comment se reproduit le tarin des aulnes ?<\/h2><div class=\"cardsGrid\">                    <div class=\"cardGrid\">\n                        \n                                                            <img decoding=\"async\" class=\"mnImg logoImg\" style=\"opacity:0.5;\" alt=\"Il chante en g\u00e9n\u00e9ral en haut des arbres ou en vol, d\u00e8s la fin du mois de janvier.\" title=\"Il chante en g\u00e9n\u00e9ral en haut des arbres ou en vol, d\u00e8s la fin du mois de janvier.\" src=\"https:\/\/www.mnemolia.com\/images\/icons\/birdnestling_b.svg\">\n                                <p>La p\u00e9riode de reproduction du tarin des aulnes s'\u00e9tend de <strong>f\u00e9vrier \u00e0 ao\u00fbt<\/strong>.<\/p>                        \n                    <\/div>\n                                <div class=\"cardGrid\">\n                        \n                                                            <img decoding=\"async\" class=\"mnImg\" alt=\"Il donne 2 couv\u00e9es par an de 3 \u00e0 5 \u0153ufs verd\u00e2tres, tachet\u00e9s de brun.\" title=\"Il donne 2 couv\u00e9es par an de 3 \u00e0 5 \u0153ufs verd\u00e2tres, tachet\u00e9s de brun.\" src=\"https:\/\/www.mnemolia.com\/images\/66\/ms\/MACLwJBVEG8.jpg\">\n                                <p>Il donne <strong>2 couv\u00e9es par an<\/strong> de 3 \u00e0 5 \u0153ufs verd\u00e2tres, tachet\u00e9s de brun.<\/p>                        \n                    <\/div>\n                                <div class=\"cardGrid\">\n                        \n                                                            <img decoding=\"async\" class=\"mnImg\" alt=\"Il niche dans les \u00e9pic\u00e9as car l'abondance de graines d'\u00e9pic\u00e9as sert \u00e0 nourrir les petits.\" title=\"Il niche dans les \u00e9pic\u00e9as car l'abondance de graines d'\u00e9pic\u00e9as sert \u00e0 nourrir les petits.\" src=\"https:\/\/www.mnemolia.com\/images\/66\/ms\/MAEGiyRMzGw.jpg\">\n                                <p>Il niche dans les <strong>\u00e9pic\u00e9as<\/strong> car l'abondance de graines d'\u00e9pic\u00e9as sert \u00e0 nourrir les petits.<\/p>                        \n                    <\/div>\n                                <div class=\"cardGrid\">\n                        \n                                                            <img decoding=\"async\" class=\"mnImg\" alt=\"Son nid est une coupe de mousse, d'herbe et de brindilles.\" title=\"Son nid est une coupe de mousse, d'herbe et de brindilles.\" src=\"https:\/\/www.mnemolia.com\/images\/66\/ms\/MADBrH9nAKM.jpg\">\n                                <p>Son nid est une <strong>coupe<\/strong> de mousse, d'herbe et de brindilles.<\/p>                        \n                    <\/div>\n            <\/div><h2>Comment se nourrit le tarin des aulnes ?<\/h2><div class=\"cardsGrid\">                    <div class=\"cardGrid\">\n                        \n                                                            <img decoding=\"async\" class=\"mnImg\" alt=\"Le tarin des aulnes se nourrit de graines d'\u00e9pic\u00e9as \u00e0 la belle saison.\" title=\"Le tarin des aulnes se nourrit de graines d'\u00e9pic\u00e9as \u00e0 la belle saison.\" src=\"https:\/\/www.mnemolia.com\/images\/66\/ms\/MAEK5Qpn3P0.jpg\">\n                                <p>Le tarin des aulnes se nourrit de <strong>graines d'\u00e9pic\u00e9as<\/strong> \u00e0 la belle saison.<\/p>                        \n                    <\/div>\n                                <div class=\"cardGrid\">\n                        \n                                                            <img decoding=\"async\" class=\"mnImg\" alt=\"En hiver, il mangera les graines des c\u00f4nes des aulnes.\" title=\"En hiver, il mangera les graines des c\u00f4nes des aulnes.\" src=\"https:\/\/www.mnemolia.com\/images\/66\/ms\/MAD34q1bJ7Y.jpg\">\n                                <p>En hiver, il mangera les <strong>graines des c\u00f4nes des aulnes<\/strong>.<\/p>                        \n                    <\/div>\n                                <div class=\"cardGrid\">\n                        \n                                                            <img decoding=\"async\" class=\"mnImg\" alt=\"Son bec puissant et pointu est parfaitement adapt\u00e9 pour pr\u00e9lever les graines des c\u00f4nes.\" title=\"Son bec puissant et pointu est parfaitement adapt\u00e9 pour pr\u00e9lever les graines des c\u00f4nes.\" src=\"https:\/\/www.mnemolia.com\/images\/66\/ms\/MADAG-NUZxs.jpg\">\n                                <p>Son bec <strong>puissant et pointu<\/strong> est parfaitement adapt\u00e9 pour <strong>pr\u00e9lever les graines des c\u00f4nes<\/strong>.<\/p>                        \n                    <\/div>\n                                <div class=\"cardGrid\">\n                        \n                                                            <img decoding=\"async\" class=\"mnImg\" alt=\"Il mange aussi d'autres graines comme les graines de chardon, de bouleau, de pissenlit et parfois des chenilles.\" title=\"Il mange aussi d'autres graines comme les graines de chardon, de bouleau, de pissenlit et parfois des chenilles.\" src=\"https:\/\/www.mnemolia.com\/images\/66\/ms\/MAD32eC1d0s.jpg\">\n                                <p>Il mange aussi d'autres graines comme les <strong>graines de chardon, de bouleau, de pissenlit<\/strong> et parfois des <strong>chenilles<\/strong>.<\/p>                        \n                    <\/div>\n            <\/div><h2>O\u00f9 trouver le tarin des aulnes ?<\/h2><div class=\"cardsGrid\">                    <div class=\"cardGrid\">\n                        \n                                                            <img decoding=\"async\" class=\"mnImg\" alt=\"Le tarin des aulnes vit dans les for\u00eats de conif\u00e8res et mixtes mais aussi dans les jardins.\" title=\"Le tarin des aulnes vit dans les for\u00eats de conif\u00e8res et mixtes mais aussi dans les jardins.\" src=\"https:\/\/www.mnemolia.com\/images\/66\/ms\/MADB3NuKtVc.jpg\">\n                                <p>Le tarin des aulnes vit dans les <strong>for\u00eats de conif\u00e8res et mixtes<\/strong> mais aussi dans les <strong>jardins<\/strong>.<\/p>                        \n                    <\/div>\n                                <div class=\"cardGrid\">\n                        \n                                                            <img decoding=\"async\" class=\"mnImg\" alt=\"C'est un migrateur de moyenne distance. Il quitte les r\u00e9gions montagneuses \u00e0 la fin de l'hiver pour aller dans les plaines.\" title=\"C'est un migrateur de moyenne distance. Il quitte les r\u00e9gions montagneuses \u00e0 la fin de l'hiver pour aller dans les plaines.\" src=\"https:\/\/www.mnemolia.com\/images\/66\/ms\/MADm1__amL8.jpg\">\n                                <p>C'est un <strong>migrateur de moyenne distance<\/strong>. Il quitte les r\u00e9gions montagneuses \u00e0 la <strong>fin de l'hiver<\/strong> pour aller dans les <strong>plaines<\/strong>.<\/p>                        \n                    <\/div>\n            <\/div>            <iframe width=\"560\" height=\"315\" src=\"https:\/\/www.youtube.com\/embed\/PS2Kz4kLH9c\" title=\"YouTube video player\" frameborder=\"0\" allow=\"accelerometer; autoplay; clipboard-write; encrypted-media; gyroscope; picture-in-picture\" allowfullscreen=\"\"><\/iframe>\n\n                <h2>Pour aller plus loin<\/h2>\n<ul>\n\t<li><a href=\"https:\/\/en.wikipedia.org\/wiki\/Eurasian_siskin\" target=\"_blank\" rel=\"noopener\">https:\/\/en.wikipedia.org\/wiki\/Eurasian_siskin<\/a><\/li>\n\t<li><a href=\"https:\/\/ebird.org\/species\/eursis\" target=\"_blank\" rel=\"noopener\">https:\/\/ebird.org\/species\/eursis<\/a><\/li>\n\t<li><a href=\"http:\/\/datazone.birdlife.org\/species\/factsheet\/eurasian-siskin-spinus-spinus\" target=\"_blank\" rel=\"noopener\">http:\/\/datazone.birdlife.org\/species\/factsheet\/eurasian-siskin-spinus-spinus<\/a><\/li>\n<\/ul>\n\n                <h3>Pour en apprendre toujours plus sur les oiseaux et l'ornithologie, suivez-nous sur Facebook, Insta et Tik-Tok!<\/h3><p>\n<\/p><div class=\"rsBar\">\n<a href=\"https:\/\/www.facebook.com\/ornithoMnemolia\/\" target=\"_blank\" rel=\"noopener\"><img decoding=\"async\" class=\"\" alt=\"Facebook Ornitho Mnemolia\" title=\"Facebook Ornitho Mnemolia\" src=\"https:\/\/www.mnemolia.com\/images\/66\/birds_fb.png\" width=\"60\"><\/a>\n<a href=\"https:\/\/www.instagram.com\/ornitho.mnemolia\/\" target=\"_blank\" rel=\"noopener\"><img decoding=\"async\" class=\"\" alt=\"Instagram Ornitho Mnemolia\" title=\"Instagram Ornitho Mnemolia\" src=\"https:\/\/www.mnemolia.com\/images\/66\/birds_ig.png\" width=\"60\"><\/a>\n<a href=\"https:\/\/www.tiktok.com\/@ornithomnemolia\" target=\"_blank\" rel=\"noopener\"><img decoding=\"async\" class=\"\" alt=\"Tik-Tok Ornitho Mnemolia\" title=\"Tik-Tok Ornitho Mnemolia\" src=\"https:\/\/www.mnemolia.com\/images\/66\/birds_tt.png\" width=\"60\"><\/a>\n<\/div>\n","protected":false},"excerpt":{"rendered":"<p>Comment reconna\u00eetre le tarin des aulnes par son plumage ? Le tarin des aulnes a un plumage vert-jaune. Il a une calotte et un menton noirs et des joues jaunes avec des nuances verd\u00e2tres. Le dessus du corps est vert-jaun\u00e2tre. La poitrine et le ventre sont plus ou moins jaunes avec des rayures sur le [&hellip;]<\/p>\n","protected":false},"author":1,"featured_media":473,"comment_status":"closed","ping_status":"open","sticky":false,"template":"","format":"standard","meta":{"_et_pb_use_builder":"off","_et_pb_old_content":"","_et_gb_content_width":"","footnotes":""},"categories":[9],"tags":[],"class_list":["post-472","post","type-post","status-publish","format-standard","has-post-thumbnail","hentry","category-ornitho","et-has-post-format-content","et_post_format-et-post-format-standard"],"_links":{"self":[{"href":"https:\/\/www.mnemolia.com\/stories\/wp-json\/wp\/v2\/posts\/472"}],"collection":[{"href":"https:\/\/www.mnemolia.com\/stories\/wp-json\/wp\/v2\/posts"}],"about":[{"href":"https:\/\/www.mnemolia.com\/stories\/wp-json\/wp\/v2\/types\/post"}],"author":[{"embeddable":true,"href":"https:\/\/www.mnemolia.com\/stories\/wp-json\/wp\/v2\/users\/1"}],"replies":[{"embeddable":true,"href":"https:\/\/www.mnemolia.com\/stories\/wp-json\/wp\/v2\/comments?post=472"}],"version-history":[{"count":1,"href":"https:\/\/www.mnemolia.com\/stories\/wp-json\/wp\/v2\/posts\/472\/revisions"}],"predecessor-version":[{"id":474,"href":"https:\/\/www.mnemolia.com\/stories\/wp-json\/wp\/v2\/posts\/472\/revisions\/474"}],"wp:featuredmedia":[{"embeddable":true,"href":"https:\/\/www.mnemolia.com\/stories\/wp-json\/wp\/v2\/media\/473"}],"wp:attachment":[{"href":"https:\/\/www.mnemolia.com\/stories\/wp-json\/wp\/v2\/media?parent=472"}],"wp:term":[{"taxonomy":"category","embeddable":true,"href":"https:\/\/www.mnemolia.com\/stories\/wp-json\/wp\/v2\/categories?post=472"},{"taxonomy":"post_tag","embeddable":true,"href":"https:\/\/www.mnemolia.com\/stories\/wp-json\/wp\/v2\/tags?post=472"}],"curies":[{"name":"wp","href":"https:\/\/api.w.org\/{rel}","templated":true}]}}