{"id":427,"date":"2021-10-20T19:05:08","date_gmt":"2021-10-20T17:05:08","guid":{"rendered":"https:\/\/www.mnemolia.com\/stories\/?p=427"},"modified":"2024-08-20T20:12:17","modified_gmt":"2024-08-20T18:12:17","slug":"comment-reconnaitre-le-faucon-crecerelle","status":"publish","type":"post","link":"https:\/\/www.mnemolia.com\/stories\/ornitho\/comment-reconnaitre-le-faucon-crecerelle\/","title":{"rendered":"Comment reconna\u00eetre le faucon cr\u00e9cerelle ?"},"content":{"rendered":"\n<h2>Comment reconna\u00eetre le faucon cr\u00e9cerelle par son plumage ?<\/h2><div class=\"cardsGrid\">                    <div class=\"cardGrid\">\n                        \n                                                            <img decoding=\"async\" class=\"mnImg\" alt=\"Le faucon cr\u00e9cerelle est environ de la taille d'un \u00e9pervier.\" title=\"Le faucon cr\u00e9cerelle est environ de la taille d'un \u00e9pervier.\" src=\"https:\/\/www.mnemolia.com\/images\/66\/ms\/MAEEsRsvsW0.jpg\">\n                                <p>Le faucon cr\u00e9cerelle est environ de la <strong>taille d'un \u00e9pervier<\/strong>.<\/p>                        \n                    <\/div>\n                                <div class=\"cardGrid\">\n                        \n                                                            <img decoding=\"async\" class=\"mnImg\" alt=\"Le dessus du corps est brun-roux tachet\u00e9 de noir.\" title=\"Le dessus du corps est brun-roux tachet\u00e9 de noir.\" src=\"https:\/\/www.mnemolia.com\/images\/66\/ms\/MADF6xqjN1E.jpg\">\n                                <p>Le dessus du corps est <strong>brun-roux tachet\u00e9 de noir<\/strong>.<\/p>                        \n                    <\/div>\n                                <div class=\"cardGrid\">\n                        \n                                                            <img decoding=\"async\" class=\"mnImg\" alt=\"Le dessous est blanc   tachet\u00e9 de noir.\" title=\"Le dessous est blanc   tachet\u00e9 de noir.\" src=\"https:\/\/www.mnemolia.com\/images\/66\/ms\/MAEEh4SzAlU.jpg\">\n                                <p>Le dessous est <strong>blanc   tachet\u00e9 de noir<\/strong>.<\/p>                        \n                    <\/div>\n                                <div class=\"cardGrid\">\n                        \n                                                            <img decoding=\"async\" class=\"mnImg\" alt=\"Ses yeux sont noirs.\" title=\"Ses yeux sont noirs.\" src=\"https:\/\/www.mnemolia.com\/images\/66\/ms\/MADFg0_GdXs.jpg\">\n                                <p>Ses yeux sont <strong>noirs<\/strong>.<\/p>                        \n                    <\/div>\n                                <div class=\"cardGrid\">\n                        \n                                                            <img decoding=\"async\" class=\"mnImg\" alt=\"Son bec est crochu et tranchant, pour d\u00e9chiqueter ses proies.\" title=\"Son bec est crochu et tranchant, pour d\u00e9chiqueter ses proies.\" src=\"https:\/\/www.mnemolia.com\/images\/66\/ms\/MAESz2zb2Z0.jpg\">\n                                <p>Son bec est <strong>crochu et tranchant<\/strong>, pour d\u00e9chiqueter ses proies.<\/p>                        \n                    <\/div>\n                                <div class=\"cardGrid\">\n                        \n                                                            <img decoding=\"async\" class=\"mnImg\" alt=\"Le m\u00e2le a la t\u00eate et la queue gris-bleu.\" title=\"Le m\u00e2le a la t\u00eate et la queue gris-bleu.\" src=\"https:\/\/www.mnemolia.com\/images\/66\/ms\/MAD3x22l7uI.jpg\">\n                                <p>Le m\u00e2le a la t\u00eate et la queue <strong>gris-bleu<\/strong>.<\/p>                        \n                    <\/div>\n                                <div class=\"cardGrid\">\n                        \n                                                            <img decoding=\"async\" class=\"mnImg\" alt=\"La femelle a le plumage enti\u00e8rement brun-roux.\" title=\"La femelle a le plumage enti\u00e8rement brun-roux.\" src=\"https:\/\/www.mnemolia.com\/images\/66\/ms\/MADGEF69vpY.jpg\">\n                                <p>La femelle a le plumage <strong>enti\u00e8rement brun-roux<\/strong>.<\/p>                        \n                    <\/div>\n                                <div class=\"cardGrid\">\n                        \n                                                            <img decoding=\"async\" class=\"mnImg\" alt=\"En vol, ses ailes sont pointues et sa queue est longue et \u00e9troite.\" title=\"En vol, ses ailes sont pointues et sa queue est longue et \u00e9troite.\" src=\"https:\/\/www.mnemolia.com\/images\/66\/ms\/MAEEHwSlolY.jpg\">\n                                <p>En vol, ses ailes sont <strong>pointues<\/strong> et sa queue est <strong>longue et \u00e9troite<\/strong>.<\/p>                        \n                    <\/div>\n                                <div class=\"cardGrid\">\n                        \n                                                            <img decoding=\"async\" class=\"mnImg\" alt=\"Sa queue se termine par un bandeau noir sur les plumes.\" title=\"Sa queue se termine par un bandeau noir sur les plumes.\" src=\"https:\/\/www.mnemolia.com\/images\/66\/ms\/MAD_7XPx9Ts.jpg\">\n                                <p>Sa queue se termine par un <strong>bandeau noir<\/strong> sur les plumes.<\/p>                        \n                    <\/div>\n            <\/div><h2>Comment se comporte le faucon cr\u00e9cerelle ?<\/h2><div class=\"cardsGrid\">                    <div class=\"cardGrid\">\n                        \n                                                            <img decoding=\"async\" class=\"mnImg\" alt=\"Le faucon cr\u00e9cerelle chasse en vol en virevoltant sur place, pour guetter le sol...\" title=\"Le faucon cr\u00e9cerelle chasse en vol en virevoltant sur place, pour guetter le sol...\" src=\"https:\/\/www.mnemolia.com\/images\/66\/ms\/MADy7syjRxA.jpg\">\n                                <p>Le faucon cr\u00e9cerelle chasse <strong>en vol en virevoltant sur place<\/strong>, pour guetter le sol\u2026<\/p>                        \n                    <\/div>\n                                <div class=\"cardGrid\">\n                        \n                                                            <img decoding=\"async\" class=\"mnImg\" alt=\"Capable de voir les ultraviolets, le faucon cr\u00e9cerelle peut rep\u00e9rer les campagnols \u00e0 leur traces d'urine, m\u00eame sous la neige.\" title=\"Capable de voir les ultraviolets, le faucon cr\u00e9cerelle peut rep\u00e9rer les campagnols \u00e0 leur traces d'urine, m\u00eame sous la neige.\" src=\"https:\/\/www.mnemolia.com\/images\/66\/ms\/MAEFEcIZ9ZE.jpg\">\n                                <p>Capable de <strong>voir les ultraviolets<\/strong>, le faucon cr\u00e9cerelle peut <strong>rep\u00e9rer les campagnols \u00e0 leur traces d'urine<\/strong>, m\u00eame sous la neige.<\/p>                        \n                    <\/div>\n                                <div class=\"cardGrid\">\n                        \n                                                            <img decoding=\"async\" class=\"mnImg\" alt=\"D\u00e8s qu'il rep\u00e8re une proie en vol, il plonge sur elle en piqu\u00e9 d'un vol silencieux et la saisit avec ses serres.\" title=\"D\u00e8s qu'il rep\u00e8re une proie en vol, il plonge sur elle en piqu\u00e9 d'un vol silencieux et la saisit avec ses serres.\" src=\"https:\/\/www.mnemolia.com\/images\/66\/ms\/MADAXTxT0iA.jpg\">\n                                <p>D\u00e8s qu'il rep\u00e8re une proie en vol, il <strong>plonge sur elle en piqu\u00e9<\/strong> d'un vol silencieux et la saisit avec ses serres.<\/p>                        \n                    <\/div>\n                                <div class=\"cardGrid\">\n                        \n                                                            <img decoding=\"async\" class=\"mnImg\" alt=\"Il peut aussi chasser perch\u00e9 sur un poste de guet.\" title=\"Il peut aussi chasser perch\u00e9 sur un poste de guet.\" src=\"https:\/\/www.mnemolia.com\/images\/66\/ms\/MADAOCKp-aA.jpg\">\n                                <p>Il peut aussi chasser <strong>perch\u00e9 sur un poste de guet<\/strong>.<\/p>                        \n                    <\/div>\n            <\/div><h2>Comment reconna\u00eetre le chant du faucon cr\u00e9cerelle ?<\/h2><div class=\"cardsGrid\">                    <div class=\"cardGrid\">\n                        \n                                                            <img decoding=\"async\" class=\"mnImg\" alt=\"Le faucon cr\u00e9cerelle r\u00e9p\u00e8te rapidement un cri strident \" ki-ki-ki-ki-ki\"=\"\" parfois=\"\" tr\u00e8s=\"\" aigu=\"\" et=\"\" rapide=\"\" comme=\"\" un=\"\" son=\"\" de=\"\" cr\u00e9celle,=\"\" d'o\u00f9=\"\" nom...\"=\"\" title=\"Le faucon cr\u00e9cerelle r\u00e9p\u00e8te rapidement un cri strident \" src=\"https:\/\/www.mnemolia.com\/images\/66\/ms\/MADA0KoC69U.jpg\">\n                                <p>Le faucon cr\u00e9cerelle r\u00e9p\u00e8te rapidement un <strong>cri strident \"ki-ki-ki-ki-ki\"<\/strong> parfois tr\u00e8s aigu et tr\u00e8s rapide comme un son de cr\u00e9celle, d'o\u00f9 son nom\u2026<\/p>\n                                    <audio controls=\"\" controlslist=\"nodownload\">\n                                        <source src=\"https:\/\/d3qbl39ojtqup3.cloudfront.net\/mnemo_audio\/66\/09c3086289bee733b915781638e474a0.mp3\" type=\"audio\/mp3\">\n                                    <\/audio>\n                                                    \n                    <\/div>\n            <\/div><h2>Comment se reproduit le faucon cr\u00e9cerelle ?<\/h2><div class=\"cardsGrid\">                    <div class=\"cardGrid\">\n                        \n                                                            <img decoding=\"async\" class=\"mnImg\" alt=\"La p\u00e9riode de reproduction du faucon cr\u00e9cerelle s'\u00e9tend de mars \u00e0 juillet.\" title=\"La p\u00e9riode de reproduction du faucon cr\u00e9cerelle s'\u00e9tend de mars \u00e0 juillet.\" src=\"https:\/\/www.mnemolia.com\/images\/66\/ms\/MADy7jZ9TyY.jpg\">\n                                <p>La p\u00e9riode de reproduction du faucon cr\u00e9cerelle s'\u00e9tend de <strong>mars \u00e0 juillet<\/strong>.<\/p>                        \n                    <\/div>\n                                <div class=\"cardGrid\">\n                        \n                                                            <img decoding=\"async\" class=\"mnImg\" alt=\"Il donne 1 couv\u00e9e par an de 4 \u00e0 6 \u0153ufs jaune p\u00e2le ou brun, tachet\u00e9s de sombre.\" title=\"Il donne 1 couv\u00e9e par an de 4 \u00e0 6 \u0153ufs jaune p\u00e2le ou brun, tachet\u00e9s de sombre.\" src=\"https:\/\/www.mnemolia.com\/images\/66\/ms\/MAD3tw6pvEo.jpg\">\n                                <p>Il donne <strong>1 couv\u00e9e par an<\/strong> de 4 \u00e0 6 \u0153ufs jaune p\u00e2le ou brun, tachet\u00e9s de sombre.<\/p>                        \n                    <\/div>\n                                <div class=\"cardGrid\">\n                        \n                                                            <img decoding=\"async\" class=\"mnImg\" alt=\"Il niche dans les arbres, b\u00e2timents, rochers, nids abandonn\u00e9s de pies ou corneilles ou nichoirs.\" title=\"Il niche dans les arbres, b\u00e2timents, rochers, nids abandonn\u00e9s de pies ou corneilles ou nichoirs.\" src=\"https:\/\/www.mnemolia.com\/images\/66\/ms\/MAESOLBrirw.jpg\">\n                                <p>Il niche dans les <strong>arbres, b\u00e2timents, rochers, nids abandonn\u00e9s de pies ou corneilles<\/strong> ou nichoirs.<\/p>                        \n                    <\/div>\n                                <div class=\"cardGrid\">\n                        \n                                                            <img decoding=\"async\" class=\"mnImg\" alt=\"Son nid est un ensemble de branchages, d'herbe, de mousse et de terre.\" title=\"Son nid est un ensemble de branchages, d'herbe, de mousse et de terre.\" src=\"https:\/\/www.mnemolia.com\/images\/66\/ms\/MADKgMnC8UE.jpg\">\n                                <p>Son nid est un <strong>ensemble de branchages, d'herbe, de mousse et de terre<\/strong>.<\/p>                        \n                    <\/div>\n            <\/div><h2>Comment se nourrit le faucon cr\u00e9cerelle ?<\/h2><div class=\"cardsGrid\">                    <div class=\"cardGrid\">\n                        \n                                                            <img decoding=\"async\" class=\"mnImg\" alt=\"Le faucon cr\u00e9cerelle se nourrit de petits rongeurs, petits mammif\u00e8res...\" title=\"Le faucon cr\u00e9cerelle se nourrit de petits rongeurs, petits mammif\u00e8res...\" src=\"https:\/\/www.mnemolia.com\/images\/66\/ms\/MAEWnkLai6s.jpg\">\n                                <p>Le faucon cr\u00e9cerelle se nourrit de <strong>petits rongeurs, petits mammif\u00e8res\u2026<\/strong><\/p>                        \n                    <\/div>\n            <\/div><h2>O\u00f9 trouver le faucon cr\u00e9cerelle ?<\/h2><div class=\"cardsGrid\">                    <div class=\"cardGrid\">\n                        \n                                                            <img decoding=\"async\" class=\"mnImg\" alt=\"Le faucon cr\u00e9cerelle vit dans les \u00e9tendues non bois\u00e9es, souvent en r\u00e9gion cultiv\u00e9e. On peut le retrouver en haute montagne, dans les alpages ou m\u00eame en ville.\" title=\"Le faucon cr\u00e9cerelle vit dans les \u00e9tendues non bois\u00e9es, souvent en r\u00e9gion cultiv\u00e9e. On peut le retrouver en haute montagne, dans les alpages ou m\u00eame en ville.\" src=\"https:\/\/www.mnemolia.com\/images\/66\/ms\/MAD_7dLSbas.jpg\">\n                                <p>Le faucon cr\u00e9cerelle vit dans les <strong>\u00e9tendues non bois\u00e9es<\/strong>, souvent en <strong>r\u00e9gion cultiv\u00e9e<\/strong>. On peut le retrouver en haute montagne, dans les alpages ou m\u00eame en ville.<\/p>                        \n                    <\/div>\n                                <div class=\"cardGrid\">\n                        \n                                                            <img decoding=\"async\" class=\"mnImg\" alt=\"Selon les r\u00e9gions il peut \u00eatre s\u00e9dentaire ou migrateur de courte \u00e0 longue distance.\" title=\"Selon les r\u00e9gions il peut \u00eatre s\u00e9dentaire ou migrateur de courte \u00e0 longue distance.\" src=\"https:\/\/www.mnemolia.com\/images\/66\/ms\/MADzivFPrgk.jpg\">\n                                <p>Selon les r\u00e9gions il peut \u00eatre <strong>s\u00e9dentaire<\/strong> ou migrateur de <strong>courte \u00e0 longue distance<\/strong>.<\/p>                        \n                    <\/div>\n                                <div class=\"cardGrid\">\n                        \n                                                            <img decoding=\"async\" class=\"mnImg\" alt=\"Au jardin, le faucon cr\u00e9cerelle peut s'installer dans les nichoirs.\" title=\"Au jardin, le faucon cr\u00e9cerelle peut s'installer dans les nichoirs.\" src=\"https:\/\/www.mnemolia.com\/images\/66\/ms\/MADCNsNDD4k.jpg\">\n                                <p>Au jardin, le faucon cr\u00e9cerelle peut s'installer dans les <strong>nichoirs<\/strong>.<\/p>                        \n                    <\/div>\n            <\/div>        \n\n\n\n    <iframe width=\"560\" height=\"315\" src=\"https:\/\/www.youtube.com\/embed\/euhgWqPChR4\" title=\"YouTube video player\" frameborder=\"0\" allow=\"accelerometer; autoplay; clipboard-write; encrypted-media; gyroscope; picture-in-picture\" allowfullscreen=\"\"><\/iframe>\n\n<hr>\n<h2>Pour aller plus loin<\/h2>\n<ul>\n<li><a href=\"https:\/\/en.wikipedia.org\/wiki\/Common_kestrel\" target=\"_blank\" rel=\"noopener\">https:\/\/en.wikipedia.org\/wiki\/Common_kestrel<\/a><\/li>\n<li><a href=\"https:\/\/ebird.org\/species\/eurkes\" target=\"_blank\" rel=\"noopener\">https:\/\/ebird.org\/species\/eurkes<\/a><\/li>\n<li><a href=\"http:\/\/datazone.birdlife.org\/species\/factsheet\/common-kestrel-falco-tinnunculus\" target=\"_blank\" rel=\"noopener\">http:\/\/datazone.birdlife.org\/species\/factsheet\/common-kestrel-falco-tinnunculus<\/a><\/li>\n<\/ul>\n\n<h3>Pour en apprendre toujours plus sur les oiseaux et l'ornithologie, suivez-nous sur Facebook, Insta et Tik-Tok!<\/h3><p\/>\n<div class=\"rsBar\">\n<a href=\"https:\/\/www.facebook.com\/ornithoMnemolia\/\" target=\"_blank\" rel=\"noopener\"><img decoding=\"async\" class=\"\" alt=\"Facebook Ornitho Mnemolia\" title=\"Facebook Ornitho Mnemolia\" src=\"https:\/\/www.mnemolia.com\/images\/66\/birds_fb.png\" width=\"60\"><\/a>\n<a href=\"https:\/\/www.instagram.com\/ornitho.mnemolia\/\" target=\"_blank\" rel=\"noopener\"><img decoding=\"async\" class=\"\" alt=\"Instagram Ornitho Mnemolia\" title=\"Instagram Ornitho Mnemolia\" src=\"https:\/\/www.mnemolia.com\/images\/66\/birds_ig.png\" width=\"60\"><\/a>\n<a href=\"https:\/\/www.tiktok.com\/@ornithomnemolia\" target=\"_blank\" rel=\"noopener\"><img decoding=\"async\" class=\"\" alt=\"Tik-Tok Ornitho Mnemolia\" title=\"Tik-Tok Ornitho Mnemolia\" src=\"https:\/\/www.mnemolia.com\/images\/66\/birds_tt.png\" width=\"60\"><\/a>\n<\/div>\n","protected":false},"excerpt":{"rendered":"<p>Comment reconna\u00eetre le faucon cr\u00e9cerelle par son plumage ? Le faucon cr\u00e9cerelle est environ de la taille d'un \u00e9pervier. Le dessus du corps est brun-roux tachet\u00e9 de noir. Le dessous est blanc tachet\u00e9 de noir. Ses yeux sont noirs. Son bec est crochu et tranchant, pour d\u00e9chiqueter ses proies. Le m\u00e2le a la t\u00eate et [&hellip;]<\/p>\n","protected":false},"author":1,"featured_media":428,"comment_status":"closed","ping_status":"open","sticky":false,"template":"","format":"standard","meta":{"_et_pb_use_builder":"off","_et_pb_old_content":"","_et_gb_content_width":"","footnotes":""},"categories":[9],"tags":[],"class_list":["post-427","post","type-post","status-publish","format-standard","has-post-thumbnail","hentry","category-ornitho","et-has-post-format-content","et_post_format-et-post-format-standard"],"_links":{"self":[{"href":"https:\/\/www.mnemolia.com\/stories\/wp-json\/wp\/v2\/posts\/427"}],"collection":[{"href":"https:\/\/www.mnemolia.com\/stories\/wp-json\/wp\/v2\/posts"}],"about":[{"href":"https:\/\/www.mnemolia.com\/stories\/wp-json\/wp\/v2\/types\/post"}],"author":[{"embeddable":true,"href":"https:\/\/www.mnemolia.com\/stories\/wp-json\/wp\/v2\/users\/1"}],"replies":[{"embeddable":true,"href":"https:\/\/www.mnemolia.com\/stories\/wp-json\/wp\/v2\/comments?post=427"}],"version-history":[{"count":6,"href":"https:\/\/www.mnemolia.com\/stories\/wp-json\/wp\/v2\/posts\/427\/revisions"}],"predecessor-version":[{"id":437,"href":"https:\/\/www.mnemolia.com\/stories\/wp-json\/wp\/v2\/posts\/427\/revisions\/437"}],"wp:featuredmedia":[{"embeddable":true,"href":"https:\/\/www.mnemolia.com\/stories\/wp-json\/wp\/v2\/media\/428"}],"wp:attachment":[{"href":"https:\/\/www.mnemolia.com\/stories\/wp-json\/wp\/v2\/media?parent=427"}],"wp:term":[{"taxonomy":"category","embeddable":true,"href":"https:\/\/www.mnemolia.com\/stories\/wp-json\/wp\/v2\/categories?post=427"},{"taxonomy":"post_tag","embeddable":true,"href":"https:\/\/www.mnemolia.com\/stories\/wp-json\/wp\/v2\/tags?post=427"}],"curies":[{"name":"wp","href":"https:\/\/api.w.org\/{rel}","templated":true}]}}