{"id":339,"date":"2020-11-29T22:05:00","date_gmt":"2020-11-29T21:05:00","guid":{"rendered":"https:\/\/www.mnemolia.com\/stories\/?p=339"},"modified":"2023-07-29T11:37:41","modified_gmt":"2023-07-29T09:37:41","slug":"present-subjonctif-espagnol","status":"publish","type":"post","link":"https:\/\/www.mnemolia.com\/stories\/espagnol\/present-subjonctif-espagnol\/","title":{"rendered":"Le pr\u00e9sent du subjonctif en espagnol"},"content":{"rendered":"\n<div class=\"normalP\">\n\n                            \n                    \n                        <p>Le <strong>pr\u00e9sent du subjonctif<\/strong> est tr\u00e8s utilis\u00e9 en espagnol<\/p>                    \n                <\/div>\n                            <div class=\"normalP\">\n\n                            \n                    \n                        <p>Il est utilis\u00e9 d'une mani\u00e8re g\u00e9n\u00e9rale, pour <strong>exprimer le doute<\/strong> (comme en fran\u00e7ais)<\/p>                    \n                <\/div>\n                            <div class=\"normalP\">\n\n                            \n                    \n                        <p>On l'utilisera notamment pour exprimer <strong>le souhait, les demandes, les conseils, la possibilit\u00e9 etc.<\/strong><\/p>                    \n                <\/div>\n                            <div class=\"normalP\">\n\n                            \n                    \n                        <p>Nous allons voir tous ses usages, mais d'abord, voyons <strong>comment il se forme<\/strong><\/p>                    \n                <\/div>\n                            <div class=\"normalP\">\n\n                            \n                    \n                        <h3 id=\"lesverbesenar\">Les verbes en <strong>-ar<\/strong><\/h3>                    \n                <\/div>\n                            <div class=\"normalP\">\n\n                            \n                    \n                        <p>Les verbes en <strong>-ar<\/strong> qui se conjuguent g\u00e9n\u00e9ralement en <strong>-a<\/strong> vont se conjuguer en <strong>-e<\/strong> au pr\u00e9sent du subjonctif<\/p>                    \n                <\/div>\n                            <div class=\"normalP\">\n\n                            \n                    \n                        <table>\n<thead>\n<tr>\n<th><\/th>\n<th style=\"text-align:center;\"><\/th>\n<\/tr>\n<\/thead>\n<tbody>\n<tr>\n<td>Yo<\/td>\n<td style=\"text-align:center;\"><strong>-e<\/strong><\/td>\n<\/tr>\n<tr>\n<td>T\u00fa<\/td>\n<td style=\"text-align:center;\"><strong>-es<\/strong><\/td>\n<\/tr>\n<tr>\n<td>\u00c9l, ella<\/td>\n<td style=\"text-align:center;\"><strong>-e<\/strong><\/td>\n<\/tr>\n<tr>\n<td>Nosotros, nosotras<\/td>\n<td style=\"text-align:center;\"><strong>-emos<\/strong><\/td>\n<\/tr>\n<tr>\n<td>Vosotros, vosotras<\/td>\n<td style=\"text-align:center;\"><strong>-\u00e9is<\/strong><\/td>\n<\/tr>\n<tr>\n<td>Ellos, Ellas, ustedes<\/td>\n<td style=\"text-align:center;\"><strong>-en<\/strong><\/td>\n<\/tr>\n<\/tbody>\n<\/table>                    \n                <\/div>\n                            <div class=\"espvocab\">\n\n                            \n                    \n                        <p><img decoding=\"async\" src=\"https:\/\/qzaws.s3-eu-west-1.amazonaws.com\/mnemolia\/spanish+flag.png\" width=\"25px\" alt=\"\" title=\"\"> <span class=\"hand\"> Para que cantes <\/span><br><img decoding=\"async\" src=\"https:\/\/qzaws.s3-eu-west-1.amazonaws.com\/mnemolia\/french+flag.png\" width=\"25px\" alt=\"\" title=\"\"> <span> Pour que tu chantes <\/span><\/p>                            <img decoding=\"async\" class=\"mnImg\" alt=\"Para que cantes : Pour que tu chantes\" title=\"Para que cantes : Pour que tu chantes\" src=\"https:\/\/www.mnemolia.com\/images\/54\/54_20200824104347002.jpg\">\n                            \n                                <audio controls=\"\" controlslist=\"nodownload\">\n                                    <source src=\"https:\/\/d3qbl39ojtqup3.cloudfront.net\/mnemo_audio\/54\/54_20200824104347002.mp3\" type=\"audio\/mp3\"><\/audio>\n                                            \n                <\/div>\n                            <div class=\"normalP\">\n\n                            \n                    \n                        <p>\u00c0 l'inverse, les verbes en <strong>-er<\/strong> et en <strong>-ir<\/strong> qui se conjuguent g\u00e9n\u00e9ralement en <strong>-e<\/strong> vont se conjuguer en <strong>-a<\/strong> au pr\u00e9sent du subjonctif<\/p>                    \n                <\/div>\n                            <div class=\"normalP\">\n\n                            \n                    \n                        <h3 id=\"lesverbesener\">Les verbes en <strong>-er<\/strong><\/h3>                    \n                <\/div>\n                            <div class=\"normalP\">\n\n                            \n                    \n                        <table>\n<thead>\n<tr>\n<th><\/th>\n<th style=\"text-align:center;\"><\/th>\n<\/tr>\n<\/thead>\n<tbody>\n<tr>\n<td>Yo<\/td>\n<td style=\"text-align:center;\"><strong>-a<\/strong><\/td>\n<\/tr>\n<tr>\n<td>T\u00fa<\/td>\n<td style=\"text-align:center;\"><strong>-as<\/strong><\/td>\n<\/tr>\n<tr>\n<td>\u00c9l, ella<\/td>\n<td style=\"text-align:center;\"><strong>-a<\/strong><\/td>\n<\/tr>\n<tr>\n<td>Nosotros, nosotras<\/td>\n<td style=\"text-align:center;\"><strong>-amos<\/strong><\/td>\n<\/tr>\n<tr>\n<td>Vosotros, vosotras<\/td>\n<td style=\"text-align:center;\"><strong>-\u00e1is<\/strong><\/td>\n<\/tr>\n<tr>\n<td>Ellos, Ellas, ustedes<\/td>\n<td style=\"text-align:center;\"><strong>-an<\/strong><\/td>\n<\/tr>\n<\/tbody>\n<\/table>                    \n                <\/div>\n                            <div class=\"espvocab\">\n\n                            \n                    \n                        <p><img decoding=\"async\" src=\"https:\/\/qzaws.s3-eu-west-1.amazonaws.com\/mnemolia\/spanish+flag.png\" width=\"25px\" alt=\"\" title=\"\"> <span class=\"hand\"> Para que comas <\/span><br><img decoding=\"async\" src=\"https:\/\/qzaws.s3-eu-west-1.amazonaws.com\/mnemolia\/french+flag.png\" width=\"25px\" alt=\"\" title=\"\"> <span> Pour que tu manges <\/span><\/p>                            <img decoding=\"async\" class=\"mnImg\" alt=\"Para que comas : Pour que tu manges\" title=\"Para que comas : Pour que tu manges\" src=\"https:\/\/www.mnemolia.com\/images\/54\/54_20200824104347003.jpg\">\n                            \n                                <audio controls=\"\" controlslist=\"nodownload\">\n                                    <source src=\"https:\/\/d3qbl39ojtqup3.cloudfront.net\/mnemo_audio\/54\/54_20200824104347003.mp3\" type=\"audio\/mp3\"><\/audio>\n                                            \n                <\/div>\n                            <div class=\"normalP\">\n\n                            \n                    \n                        <h3 id=\"lesverbesenir\">Les verbes en <strong>-ir<\/strong><\/h3>                    \n                <\/div>\n                            <div class=\"normalP\">\n\n                            \n                    \n                        <table>\n<thead>\n<tr>\n<th><\/th>\n<th style=\"text-align:center;\"><\/th>\n<\/tr>\n<\/thead>\n<tbody>\n<tr>\n<td>Yo<\/td>\n<td style=\"text-align:center;\"><strong>-a<\/strong><\/td>\n<\/tr>\n<tr>\n<td>T\u00fa<\/td>\n<td style=\"text-align:center;\"><strong>-as<\/strong><\/td>\n<\/tr>\n<tr>\n<td>\u00c9l, ella<\/td>\n<td style=\"text-align:center;\"><strong>-a<\/strong><\/td>\n<\/tr>\n<tr>\n<td>Nosotros, nosotras<\/td>\n<td style=\"text-align:center;\"><strong>-amos<\/strong><\/td>\n<\/tr>\n<tr>\n<td>Vosotros, vosotras<\/td>\n<td style=\"text-align:center;\"><strong>-\u00e1is<\/strong><\/td>\n<\/tr>\n<tr>\n<td>Ellos, Ellas, ustedes<\/td>\n<td style=\"text-align:center;\"><strong>-an<\/strong><\/td>\n<\/tr>\n<\/tbody>\n<\/table>                    \n                <\/div>\n                            <div class=\"espvocab\">\n\n                            \n                    \n                        <p><img decoding=\"async\" src=\"https:\/\/qzaws.s3-eu-west-1.amazonaws.com\/mnemolia\/spanish+flag.png\" width=\"25px\" alt=\"\" title=\"\"> <span class=\"hand\"> Para que vivas <\/span><br><img decoding=\"async\" src=\"https:\/\/qzaws.s3-eu-west-1.amazonaws.com\/mnemolia\/french+flag.png\" width=\"25px\" alt=\"\" title=\"\"> <span> Pour que tu vives <\/span><\/p>                            <img decoding=\"async\" class=\"mnImg\" alt=\"Para que vivas : Pour que tu vives\" title=\"Para que vivas : Pour que tu vives\" src=\"https:\/\/www.mnemolia.com\/images\/54\/54_20200824104347004.jpg\">\n                            \n                                <audio controls=\"\" controlslist=\"nodownload\">\n                                    <source src=\"https:\/\/d3qbl39ojtqup3.cloudfront.net\/mnemo_audio\/54\/54_20200824104347004.mp3\" type=\"audio\/mp3\"><\/audio>\n                                            \n                <\/div>\n                            <div class=\"normalP\">\n\n                            \n                    \n                        <p>\u00c0 noter, pour se <strong>souvenir plus facilement<\/strong> de ces conjugaisons\u2026<\/p>                    \n                <\/div>\n                            <div class=\"normalP\">\n\n                            \n                    \n                        <p>La <strong>2\u00e8me personne du pluriel<\/strong> a toujours un <strong>accent \u00e9crit<\/strong><\/p>                    \n                <\/div>\n                            <div class=\"normalP\">\n\n                            \n                    \n                        <p>Le <strong>1\u00e8re personne<\/strong> et la <strong>3\u00e8me personne<\/strong> du singulier sont <strong>identiques<\/strong><\/p>                    \n                <\/div>\n                            <div class=\"normalP\">\n\n                            \n                    \n                        <p>Concernant les <strong>verbes pronominaux<\/strong>, il n'y a <strong>pas de diff\u00e9rences<\/strong> avec le pr\u00e9sent, les <strong>pronoms ne changent pas<\/strong><\/p>                    \n                <\/div>\n                            <div class=\"normalP\">\n\n                            \n                    \n                        <p>Il suffira donc simplement d'<strong>adapter les terminaisons<\/strong> des verbes<\/p>                    \n                <\/div>\n                            <div class=\"normalP\">\n\n                            \n                    \n                        <h3 id=\"lesverbesirrguliers\">Les verbes irr\u00e9guliers<\/h3>                    \n                <\/div>\n                            <div class=\"normalP\">\n\n                            \n                    \n                        <p>Vous vous souvenez surement de toutes les <strong>irr\u00e9gularit\u00e9s<\/strong> que l'on a vus dans la le\u00e7on sur le pr\u00e9sent (verbes \u00e0 diphtongues, affaiblissement)<\/p>                    \n                <\/div>\n                            <div class=\"normalP\">\n\n                            \n                    \n                        <p>Au pr\u00e9sent du subjonctif, <strong>les verbes \u00e0 diphtongue gardent leur irr\u00e9gularit\u00e9<\/strong>, il suffit juste d'adapter leurs terminaisons<\/p>                    \n                <\/div>\n                            <div class=\"normalP\">\n\n                            \n                    \n                        <p><span>Perder (perdre)<\/span>\n<img decoding=\"async\" src=\"https:\/\/qzaws.s3-eu-west-1.amazonaws.com\/mnemolia\/spanish+flag.png\" width=\"25px\" alt=\"\" title=\"\"><span class=\"hand\"> pierda, pierdas, pierda, perdamos, perd\u00e1is, pierdan <\/span><\/p>\n                                <audio controls=\"\" controlslist=\"nodownload\">\n                                    <source src=\"https:\/\/d3qbl39ojtqup3.cloudfront.net\/mnemo_audio\/54\/54_20200822174842566.mp3\" type=\"audio\/mp3\"><\/audio>\n                                            \n                <\/div>\n                            <div class=\"normalP\">\n\n                            \n                    \n                        <p>Au pr\u00e9sent du subjonctif, <strong>les verbes \u00e0 affaiblissement gardent leur irr\u00e9gularit\u00e9<\/strong>, mais <strong>\u00e0 toutes les personnes<\/strong> (la o\u00f9 elle ne s'appliquaient pas aux deux premi\u00e8res personnes du pluriel)<\/p>                    \n                <\/div>\n                            <div class=\"normalP\">\n\n                            \n                    \n                        <p><span>Pedir (demander)<\/span>\n<img decoding=\"async\" src=\"https:\/\/qzaws.s3-eu-west-1.amazonaws.com\/mnemolia\/spanish+flag.png\" width=\"25px\" alt=\"\" title=\"\"><span class=\"hand\"> pida, pidas, pida, pidamos, pid\u00e1is, pidan <\/span><\/p>\n                                <audio controls=\"\" controlslist=\"nodownload\">\n                                    <source src=\"https:\/\/d3qbl39ojtqup3.cloudfront.net\/mnemo_audio\/54\/54_20200822175824757.mp3\" type=\"audio\/mp3\"><\/audio>\n                                            \n                <\/div>\n                            <div class=\"normalP\">\n\n                            \n                    \n                        <p>Pour certains verbes, Pour certains verbes, le <strong>e<\/strong> se change en <strong>ie<\/strong>, et en <strong>i<\/strong> aux deux premi\u00e8res personnes du pluriel<\/p>                    \n                <\/div>\n                            <div class=\"normalP\">\n\n                            \n                    \n                        <p><span>Sentir (sentir)<\/span>\n<img decoding=\"async\" src=\"https:\/\/qzaws.s3-eu-west-1.amazonaws.com\/mnemolia\/spanish+flag.png\" width=\"25px\" alt=\"\" title=\"\"><span class=\"hand\"> sienta, sientas, sienta, sintamos, sint\u00e1is, sientan <\/span><\/p>\n                                <audio controls=\"\" controlslist=\"nodownload\">\n                                    <source src=\"https:\/\/d3qbl39ojtqup3.cloudfront.net\/mnemo_audio\/54\/54_20200822182041222.mp3\" type=\"audio\/mp3\"><\/audio>\n                                            \n                <\/div>\n                            <div class=\"normalP\">\n\n                            \n                    \n                        <p>Pour certains verbes, Pour certains verbes, le <strong>o<\/strong> se change en <strong>ue<\/strong>, et en <strong>u<\/strong> aux deux premi\u00e8res personnes du pluriel<\/p>                    \n                <\/div>\n                            <div class=\"normalP\">\n\n                            \n                    \n                        <p><span>Dormir<\/span>\n<img decoding=\"async\" src=\"https:\/\/qzaws.s3-eu-west-1.amazonaws.com\/mnemolia\/spanish+flag.png\" width=\"25px\" alt=\"\" title=\"\"><span class=\"hand\"> duerma, duermas, duerma, durmamos, durm\u00e1is, duerman <\/span><\/p>\n                                <audio controls=\"\" controlslist=\"nodownload\">\n                                    <source src=\"https:\/\/d3qbl39ojtqup3.cloudfront.net\/mnemo_audio\/54\/54_20200822182043873.mp3\" type=\"audio\/mp3\"><\/audio>\n                                            \n                <\/div>\n                            <div class=\"normalP\">\n\n                            \n                    \n                        <p>Les verbes en terminant en <strong>-acer, -ecer, -ocer, -ucir<\/strong> prennent un <strong>z<\/strong> \u00e0 <strong>toutes les personnes<\/strong><\/p>                    \n                <\/div>\n                            <div class=\"normalP\">\n\n                            \n                    \n                        <p><span>Conocer (connaitre)<\/span>\n<img decoding=\"async\" src=\"https:\/\/qzaws.s3-eu-west-1.amazonaws.com\/mnemolia\/spanish+flag.png\" width=\"25px\" alt=\"\" title=\"\"><span class=\"hand\"> conozca, conozcas, conozca, conozcamos, conozc\u00e1is, conozcan <\/span><\/p>\n                                <audio controls=\"\" controlslist=\"nodownload\">\n                                    <source src=\"https:\/\/d3qbl39ojtqup3.cloudfront.net\/mnemo_audio\/54\/54_20200822184706163.mp3\" type=\"audio\/mp3\"><\/audio>\n                                            \n                <\/div>\n                            <div class=\"normalP\">\n\n                            \n                    \n                        <p>Les verbes en terminant en <strong>-uir<\/strong> : les <strong>i<\/strong> se transforme en <strong>y<\/strong> <strong>\u00e0 toutes les personnes<\/strong><\/p>                    \n                <\/div>\n                            <div class=\"normalP\">\n\n                            \n                    \n                        <p><span>Construir (construire)<\/span>\n<img decoding=\"async\" src=\"https:\/\/qzaws.s3-eu-west-1.amazonaws.com\/mnemolia\/spanish+flag.png\" width=\"25px\" alt=\"\" title=\"\"><span class=\"hand\"> construya, construyas, construya, construyamos, construy\u00e1is, construyan <\/span><\/p>\n                                <audio controls=\"\" controlslist=\"nodownload\">\n                                    <source src=\"https:\/\/d3qbl39ojtqup3.cloudfront.net\/mnemo_audio\/54\/54_20200822184835923.mp3\" type=\"audio\/mp3\"><\/audio>\n                                            \n                <\/div>\n                            <div class=\"normalP\">\n\n                            \n                    \n                        <p>Les verbes en terminant en <strong>-iar, -uar<\/strong> prennent un <strong>accent tonique<\/strong><\/p>                    \n                <\/div>\n                            <div class=\"normalP\">\n\n                            \n                    \n                        <p><span>Situar (situer)<\/span>\n<img decoding=\"async\" src=\"https:\/\/qzaws.s3-eu-west-1.amazonaws.com\/mnemolia\/spanish+flag.png\" width=\"25px\" alt=\"\" title=\"\"><span class=\"hand\"> sit\u00fae, sit\u00faes, sit\u00fae, situemos, situ\u00e9is, sit\u00faen <\/span><\/p>\n                                <audio controls=\"\" controlslist=\"nodownload\">\n                                    <source src=\"https:\/\/d3qbl39ojtqup3.cloudfront.net\/mnemo_audio\/54\/54_20200822185022845.mp3\" type=\"audio\/mp3\"><\/audio>\n                                            \n                <\/div>\n                            <div class=\"normalP\">\n\n                            \n                    \n                        <p>On remarque que ce changement n'a <strong>pas<\/strong> lieu aux <strong>2 premi\u00e8res personnes du pluriel<\/strong><\/p>                    \n                <\/div>\n                            <div class=\"normalP\">\n\n                            \n                    \n                        <p>Maintenant passons \u00e0 la mauvaise nouvelle\u2026 certains verbes irr\u00e9guliers ne suivent <strong>pas de logique particuli\u00e8re<\/strong>\u2026<\/p>                    \n                <\/div>\n                            <div class=\"normalP\">\n\n                            \n                    \n                        <p>La seule solution est donc de les <strong>apprendre<\/strong><\/p>                    \n                <\/div>\n                            <div class=\"normalP\">\n\n                            \n                    \n                        <p>Maintenant qu'on a compris comment se forme le subjonctif, voyons plus pr\u00e9cis\u00e9ment <strong>dans quels cas on va l'utiliser<\/strong><\/p>                    \n                <\/div>\n                            <div class=\"normalP\">\n\n                            \n                    \n                        <p>Le subjonctif est d'abord utilis\u00e9 dans les <strong>subordonn\u00e9es temporelles<\/strong> avec les adverbes<\/p>                    \n                <\/div>\n                            <div class=\"normalC\">\n\n                            \n                    \n                        <p><img decoding=\"async\" src=\"https:\/\/qzaws.s3-eu-west-1.amazonaws.com\/mnemolia\/spanish+flag.png\" width=\"25px\" alt=\"\" title=\"\"> <span class=\"hand\"> Probablemente venga a verme <\/span><br><img decoding=\"async\" src=\"https:\/\/qzaws.s3-eu-west-1.amazonaws.com\/mnemolia\/french+flag.png\" width=\"25px\" alt=\"\" title=\"\"> <span> Il est probable qu'il vienne me voir <\/span><\/p>\n                                <audio controls=\"\" controlslist=\"nodownload\">\n                                    <source src=\"https:\/\/d3qbl39ojtqup3.cloudfront.net\/mnemo_audio\/54\/54_20200824104347008.mp3\" type=\"audio\/mp3\"><\/audio>\n                                            \n                <\/div>\n                            <div class=\"normalP\">\n\n                            \n                    \n                        <h3 id=\"lesouhait\">Le souhait<\/h3>                    \n                <\/div>\n                            <div class=\"normalP\">\n\n                            \n                    \n                        <p>Voyons quelques formules utiles pour <strong>exprimer le souhait<\/strong>, elles s'utilisent avec le <strong>subjonctif pr\u00e9sent<\/strong><\/p>                    \n                <\/div>\n                            <div class=\"normalC\">\n\n                            \n                    \n                        <p><img decoding=\"async\" src=\"https:\/\/qzaws.s3-eu-west-1.amazonaws.com\/mnemolia\/spanish+flag.png\" width=\"25px\" alt=\"\" title=\"\"> <span class=\"hand\"> Quiero que vengas <\/span><br><img decoding=\"async\" src=\"https:\/\/qzaws.s3-eu-west-1.amazonaws.com\/mnemolia\/french+flag.png\" width=\"25px\" alt=\"\" title=\"\"> <span> Je veux que tu viennes<br>(Querer (ie) que + subjonctif (vouloir que)) <\/span><\/p>\n                                <audio controls=\"\" controlslist=\"nodownload\">\n                                    <source src=\"https:\/\/d3qbl39ojtqup3.cloudfront.net\/mnemo_audio\/54\/54_20200824104347005.mp3\" type=\"audio\/mp3\"><\/audio>\n                                            \n                <\/div>\n                            <div class=\"espvocab\">\n\n                            \n                    \n                        <p><img decoding=\"async\" src=\"https:\/\/qzaws.s3-eu-west-1.amazonaws.com\/mnemolia\/spanish+flag.png\" width=\"25px\" alt=\"\" title=\"\"> <span class=\"hand\"> Queremos que Enrique venga para el cumplea\u00f1os de su amiga <\/span><br><img decoding=\"async\" src=\"https:\/\/qzaws.s3-eu-west-1.amazonaws.com\/mnemolia\/french+flag.png\" width=\"25px\" alt=\"\" title=\"\"> <span> Nous voulons qu'Enrique vienne pour l'anniversaire de son amie <br>(Querer (ie) que + subjonctif (vouloir que)) <\/span><\/p>                            <img decoding=\"async\" class=\"mnImg\" alt=\"Queremos que Enrique venga para el cumplea\u00f1os de su amiga : Nous voulons qu'Enrique vienne pour l'anniversaire de son amie \" title=\"Queremos que Enrique venga para el cumplea\u00f1os de su amiga : Nous voulons qu'Enrique vienne pour l'anniversaire de son amie \" src=\"https:\/\/www.mnemolia.com\/images\/54\/54_20200824104347009.jpg\">\n                            \n                                <audio controls=\"\" controlslist=\"nodownload\">\n                                    <source src=\"https:\/\/d3qbl39ojtqup3.cloudfront.net\/mnemo_audio\/54\/54_20200824104347009.mp3\" type=\"audio\/mp3\"><\/audio>\n                                            \n                <\/div>\n                            <div class=\"normalC\">\n\n                            \n                    \n                        <p><img decoding=\"async\" src=\"https:\/\/qzaws.s3-eu-west-1.amazonaws.com\/mnemolia\/spanish+flag.png\" width=\"25px\" alt=\"\" title=\"\"> <span class=\"hand\"> Desea que vengas <\/span><br><img decoding=\"async\" src=\"https:\/\/qzaws.s3-eu-west-1.amazonaws.com\/mnemolia\/french+flag.png\" width=\"25px\" alt=\"\" title=\"\"> <span> Il d\u00e9sire que tu viennes<br>(Desear que + subjonctif (d\u00e9sirer que)) <\/span><\/p>\n                                <audio controls=\"\" controlslist=\"nodownload\">\n                                    <source src=\"https:\/\/d3qbl39ojtqup3.cloudfront.net\/mnemo_audio\/54\/54_20200824104347006.mp3\" type=\"audio\/mp3\"><\/audio>\n                                            \n                <\/div>\n                            <div class=\"normalC\">\n\n                            \n                    \n                        <p><img decoding=\"async\" src=\"https:\/\/qzaws.s3-eu-west-1.amazonaws.com\/mnemolia\/spanish+flag.png\" width=\"25px\" alt=\"\" title=\"\"> <span class=\"hand\"> Ojal\u00e1 vengas <\/span><br><img decoding=\"async\" src=\"https:\/\/qzaws.s3-eu-west-1.amazonaws.com\/mnemolia\/french+flag.png\" width=\"25px\" alt=\"\" title=\"\"> <span> Pourvu que tu viennes<br>(Ojal\u00e1  + subjonctif (pourvu que)) <\/span><\/p>\n                                <audio controls=\"\" controlslist=\"nodownload\">\n                                    <source src=\"https:\/\/d3qbl39ojtqup3.cloudfront.net\/mnemo_audio\/54\/54_20200824104347007.mp3\" type=\"audio\/mp3\"><\/audio>\n                                            \n                <\/div>\n                            <div class=\"normalP\">\n\n                            \n                    \n                        <h3 id=\"lesdemandesconseilsordresinterdictions\">Les demandes, conseils, ordres, interdictions\u2026<\/h3>                    \n                <\/div>\n                            <div class=\"normalP\">\n\n                            \n                    \n                        <p>Voyons quelques formules utiles pour <strong>exprimer les demandes, conseils, ordres, interdictions<\/strong>, elles s'utilisent avec le <strong>subjonctif pr\u00e9sent<\/strong><\/p>                    \n                <\/div>\n                            <div class=\"espvocab\">\n\n                            \n                    \n                        <p><img decoding=\"async\" src=\"https:\/\/qzaws.s3-eu-west-1.amazonaws.com\/mnemolia\/spanish+flag.png\" width=\"25px\" alt=\"\" title=\"\"> <span class=\"hand\"> Te pido que comas <\/span><br><img decoding=\"async\" src=\"https:\/\/qzaws.s3-eu-west-1.amazonaws.com\/mnemolia\/french+flag.png\" width=\"25px\" alt=\"\" title=\"\"> <span> Je te demande de manger<br>(Pedir (i) que + subjonctif (demander de)) <\/span><\/p>                            <img decoding=\"async\" class=\"mnImg\" alt=\"Te pido que comas : Je te demande de manger\" title=\"Te pido que comas : Je te demande de manger\" src=\"https:\/\/www.mnemolia.com\/images\/54\/54_20200824104347013.jpg\">\n                            \n                                <audio controls=\"\" controlslist=\"nodownload\">\n                                    <source src=\"https:\/\/d3qbl39ojtqup3.cloudfront.net\/mnemo_audio\/54\/54_20200824104347013.mp3\" type=\"audio\/mp3\"><\/audio>\n                                            \n                <\/div>\n                            <div class=\"espvocab\">\n\n                            \n                    \n                        <p><img decoding=\"async\" src=\"https:\/\/qzaws.s3-eu-west-1.amazonaws.com\/mnemolia\/spanish+flag.png\" width=\"25px\" alt=\"\" title=\"\"> <span class=\"hand\"> Te aconseja que lleves el casco al conducir tu moto <\/span><br><img decoding=\"async\" src=\"https:\/\/qzaws.s3-eu-west-1.amazonaws.com\/mnemolia\/french+flag.png\" width=\"25px\" alt=\"\" title=\"\"> <span> Il te conseille de porter le casque lorsque tu conduis ta moto <br>(Aconsejar que + subjonctif (conseiller de)) <\/span><\/p>                            <img decoding=\"async\" class=\"mnImg\" alt=\"Te aconseja que lleves el casco al conducir tu moto : Il te conseille de porter le casque lorsque tu conduis ta moto \" title=\"Te aconseja que lleves el casco al conducir tu moto : Il te conseille de porter le casque lorsque tu conduis ta moto \" src=\"https:\/\/www.mnemolia.com\/images\/54\/54_20200824104347014.jpg\">\n                            \n                                <audio controls=\"\" controlslist=\"nodownload\">\n                                    <source src=\"https:\/\/d3qbl39ojtqup3.cloudfront.net\/mnemo_audio\/54\/54_20200824104347014.mp3\" type=\"audio\/mp3\"><\/audio>\n                                            \n                <\/div>\n                            <div class=\"normalC\">\n\n                            \n                    \n                        <p><img decoding=\"async\" src=\"https:\/\/qzaws.s3-eu-west-1.amazonaws.com\/mnemolia\/spanish+flag.png\" width=\"25px\" alt=\"\" title=\"\"> <span class=\"hand\"> Te aconsejo que duermas <\/span><br><img decoding=\"async\" src=\"https:\/\/qzaws.s3-eu-west-1.amazonaws.com\/mnemolia\/french+flag.png\" width=\"25px\" alt=\"\" title=\"\"> <span> Je te conseille de dormir<br>(Aconsejar que + subjonctif (conseiller de)) <\/span><\/p>\n                                <audio controls=\"\" controlslist=\"nodownload\">\n                                    <source src=\"https:\/\/d3qbl39ojtqup3.cloudfront.net\/mnemo_audio\/54\/54_20200824104347018.mp3\" type=\"audio\/mp3\"><\/audio>\n                                            \n                <\/div>\n                            <div class=\"normalC\">\n\n                            \n                    \n                        <p><img decoding=\"async\" src=\"https:\/\/qzaws.s3-eu-west-1.amazonaws.com\/mnemolia\/spanish+flag.png\" width=\"25px\" alt=\"\" title=\"\"> <span class=\"hand\"> Le propongo que vayamos  a la fiesta de los vecinos <\/span><br><img decoding=\"async\" src=\"https:\/\/qzaws.s3-eu-west-1.amazonaws.com\/mnemolia\/french+flag.png\" width=\"25px\" alt=\"\" title=\"\"> <span> Je propose que nous allions \u00e0 la f\u00eate des voisins <br>(Proponer que + subjonctif (proposer de)) <\/span><\/p>\n                                <audio controls=\"\" controlslist=\"nodownload\">\n                                    <source src=\"https:\/\/d3qbl39ojtqup3.cloudfront.net\/mnemo_audio\/54\/54_20200824104347015.mp3\" type=\"audio\/mp3\"><\/audio>\n                                            \n                <\/div>\n                            <div class=\"normalC\">\n\n                            \n                    \n                        <p><img decoding=\"async\" src=\"https:\/\/qzaws.s3-eu-west-1.amazonaws.com\/mnemolia\/spanish+flag.png\" width=\"25px\" alt=\"\" title=\"\"> <span class=\"hand\"> \u00a1Te digo que salgas en seguida! <\/span><br><img decoding=\"async\" src=\"https:\/\/qzaws.s3-eu-west-1.amazonaws.com\/mnemolia\/french+flag.png\" width=\"25px\" alt=\"\" title=\"\"> <span> Je te dis de sortir tout de suite !<br>(Decir que + subjonctif (dire de)) <\/span><\/p>\n                                <audio controls=\"\" controlslist=\"nodownload\">\n                                    <source src=\"https:\/\/d3qbl39ojtqup3.cloudfront.net\/mnemo_audio\/54\/54_20200824104347016.mp3\" type=\"audio\/mp3\"><\/audio>\n                                            \n                <\/div>\n                            <div class=\"espvocab\">\n\n                            \n                    \n                        <p><img decoding=\"async\" src=\"https:\/\/qzaws.s3-eu-west-1.amazonaws.com\/mnemolia\/spanish+flag.png\" width=\"25px\" alt=\"\" title=\"\"> <span class=\"hand\"> Te ordeno que escribas la lecci\u00f3n <\/span><br><img decoding=\"async\" src=\"https:\/\/qzaws.s3-eu-west-1.amazonaws.com\/mnemolia\/french+flag.png\" width=\"25px\" alt=\"\" title=\"\"> <span> Je vous ordonne d'\u00e9crire la le\u00e7on<br>(Ordenar que + subjonctif (ordonner de)) <\/span><\/p>                            <img decoding=\"async\" class=\"mnImg\" alt=\"Te ordeno que escribas la lecci\u00f3n : Je vous ordonne d'\u00e9crire la le\u00e7on\" title=\"Te ordeno que escribas la lecci\u00f3n : Je vous ordonne d'\u00e9crire la le\u00e7on\" src=\"https:\/\/www.mnemolia.com\/images\/54\/54_20200824104347017.jpg\">\n                            \n                                <audio controls=\"\" controlslist=\"nodownload\">\n                                    <source src=\"https:\/\/d3qbl39ojtqup3.cloudfront.net\/mnemo_audio\/54\/54_20200824104347017.mp3\" type=\"audio\/mp3\"><\/audio>\n                                            \n                <\/div>\n                            <div class=\"normalP\">\n\n                            \n                    \n                        <h3 id=\"lapossibilit\">La possibilit\u00e9<\/h3>                    \n                <\/div>\n                            <div class=\"normalC\">\n\n                            \n                    \n                        <p><img decoding=\"async\" src=\"https:\/\/qzaws.s3-eu-west-1.amazonaws.com\/mnemolia\/spanish+flag.png\" width=\"25px\" alt=\"\" title=\"\"> <span class=\"hand\"> Quiz\u00e1s vengas <\/span><br><img decoding=\"async\" src=\"https:\/\/qzaws.s3-eu-west-1.amazonaws.com\/mnemolia\/french+flag.png\" width=\"25px\" alt=\"\" title=\"\"> <span> Il est possible que tu viennes (Peut-\u00eatre que tu viens)<br>(Quiz\u00e1s  + subjonctif (peut \u00eatre)) <\/span><\/p>\n                                <audio controls=\"\" controlslist=\"nodownload\">\n                                    <source src=\"https:\/\/d3qbl39ojtqup3.cloudfront.net\/mnemo_audio\/54\/54_20200824104347010.mp3\" type=\"audio\/mp3\"><\/audio>\n                                            \n                <\/div>\n                            <div class=\"normalC\">\n\n                            \n                    \n                        <p><img decoding=\"async\" src=\"https:\/\/qzaws.s3-eu-west-1.amazonaws.com\/mnemolia\/spanish+flag.png\" width=\"25px\" alt=\"\" title=\"\"> <span class=\"hand\"> Es posible que vengas <\/span><br><img decoding=\"async\" src=\"https:\/\/qzaws.s3-eu-west-1.amazonaws.com\/mnemolia\/french+flag.png\" width=\"25px\" alt=\"\" title=\"\"> <span> Il est possible que tu viennes<br>(Es posible que + subjonctif (il est possible que)) <\/span><\/p>\n                                <audio controls=\"\" controlslist=\"nodownload\">\n                                    <source src=\"https:\/\/d3qbl39ojtqup3.cloudfront.net\/mnemo_audio\/54\/54_20200824104347011.mp3\" type=\"audio\/mp3\"><\/audio>\n                                            \n                <\/div>\n                            <div class=\"normalP\">\n\n                            \n                    \n                        <h3 id=\"lancessit\">La n\u00e9cessit\u00e9<\/h3>                    \n                <\/div>\n                            <div class=\"normalC\">\n\n                            \n                    \n                        <p><img decoding=\"async\" src=\"https:\/\/qzaws.s3-eu-west-1.amazonaws.com\/mnemolia\/spanish+flag.png\" width=\"25px\" alt=\"\" title=\"\"> <span class=\"hand\"> Es necesario que me digas la verdad <\/span><br><img decoding=\"async\" src=\"https:\/\/qzaws.s3-eu-west-1.amazonaws.com\/mnemolia\/french+flag.png\" width=\"25px\" alt=\"\" title=\"\"> <span> Il est n\u00e9cessaire que tu me dises la v\u00e9rit\u00e9<br>(Es necesario que + subjonctif (il est n\u00e9cessaire que)) <\/span><\/p>\n                                <audio controls=\"\" controlslist=\"nodownload\">\n                                    <source src=\"https:\/\/d3qbl39ojtqup3.cloudfront.net\/mnemo_audio\/54\/54_20200824104347012.mp3\" type=\"audio\/mp3\"><\/audio>\n                                            \n                <\/div>\n                            <div class=\"espvocab\">\n\n                            \n                    \n                        <p><img decoding=\"async\" src=\"https:\/\/qzaws.s3-eu-west-1.amazonaws.com\/mnemolia\/spanish+flag.png\" width=\"25px\" alt=\"\" title=\"\"> <span class=\"hand\"> Es preciso que todos los chicos vayan al colegio <\/span><br><img decoding=\"async\" src=\"https:\/\/qzaws.s3-eu-west-1.amazonaws.com\/mnemolia\/french+flag.png\" width=\"25px\" alt=\"\" title=\"\"> <span> Il faut que tous les enfants aillent \u00e0 l'\u00e9cole<br>(Es preciso que + subjonctif (il faut que)) <\/span><\/p>                            <img decoding=\"async\" class=\"mnImg\" alt=\"Es preciso que todos los chicos vayan al colegio : Il faut que tous les enfants aillent \u00e0 l'\u00e9cole\" title=\"Es preciso que todos los chicos vayan al colegio : Il faut que tous les enfants aillent \u00e0 l'\u00e9cole\" src=\"https:\/\/www.mnemolia.com\/images\/54\/54_20200824104347019.jpg\">\n                            \n                                <audio controls=\"\" controlslist=\"nodownload\">\n                                    <source src=\"https:\/\/d3qbl39ojtqup3.cloudfront.net\/mnemo_audio\/54\/54_20200824104347019.mp3\" type=\"audio\/mp3\"><\/audio>\n                                            \n                <\/div>\n                            <div class=\"espvocab\">\n\n                            \n                    \n                        <p><img decoding=\"async\" src=\"https:\/\/qzaws.s3-eu-west-1.amazonaws.com\/mnemolia\/spanish+flag.png\" width=\"25px\" alt=\"\" title=\"\"> <span class=\"hand\"> Hace falta que vayamos ahora <\/span><br><img decoding=\"async\" src=\"https:\/\/qzaws.s3-eu-west-1.amazonaws.com\/mnemolia\/french+flag.png\" width=\"25px\" alt=\"\" title=\"\"> <span> Il faut que nous y allions maintenant<br>(Hace falta que + subjonctif (il faut que)) <\/span><\/p>                            <img decoding=\"async\" class=\"mnImg\" alt=\"Hace falta que vayamos ahora : Il faut que nous y allions maintenant\" title=\"Hace falta que vayamos ahora : Il faut que nous y allions maintenant\" src=\"https:\/\/www.mnemolia.com\/images\/54\/54_20200824104347020.jpg\">\n                            \n                                <audio controls=\"\" controlslist=\"nodownload\">\n                                    <source src=\"https:\/\/d3qbl39ojtqup3.cloudfront.net\/mnemo_audio\/54\/54_20200824104347020.mp3\" type=\"audio\/mp3\"><\/audio>\n                                            \n                <\/div>\n                            <div class=\"espvocab\">\n\n                            \n                    \n                        <p><img decoding=\"async\" src=\"https:\/\/qzaws.s3-eu-west-1.amazonaws.com\/mnemolia\/spanish+flag.png\" width=\"25px\" alt=\"\" title=\"\"> <span class=\"hand\"> Es \u00fatil que sepas cambiar un neum\u00e1tico <\/span><br><img decoding=\"async\" src=\"https:\/\/qzaws.s3-eu-west-1.amazonaws.com\/mnemolia\/french+flag.png\" width=\"25px\" alt=\"\" title=\"\"> <span> Il est utile que tu saches changer un pneu<br>(Es \u00fatil \/ in\u00fatil que + subjonctif (c'est utile \/ inutile que)) <\/span><\/p>                            <img decoding=\"async\" class=\"mnImg\" alt=\"Es \u00fatil que sepas cambiar un neum\u00e1tico : Il est utile que tu saches changer un pneu\" title=\"Es \u00fatil que sepas cambiar un neum\u00e1tico : Il est utile que tu saches changer un pneu\" src=\"https:\/\/www.mnemolia.com\/images\/54\/54_20200824104347022.jpg\">\n                            \n                                <audio controls=\"\" controlslist=\"nodownload\">\n                                    <source src=\"https:\/\/d3qbl39ojtqup3.cloudfront.net\/mnemo_audio\/54\/54_20200824104347022.mp3\" type=\"audio\/mp3\"><\/audio>\n                                            \n                <\/div>\n                            <div class=\"normalC\">\n\n                            \n                    \n                        <p><img decoding=\"async\" src=\"https:\/\/qzaws.s3-eu-west-1.amazonaws.com\/mnemolia\/spanish+flag.png\" width=\"25px\" alt=\"\" title=\"\"> <span class=\"hand\"> Es importante que seas honesto <\/span><br><img decoding=\"async\" src=\"https:\/\/qzaws.s3-eu-west-1.amazonaws.com\/mnemolia\/french+flag.png\" width=\"25px\" alt=\"\" title=\"\"> <span> Il est important que tu sois honn\u00eate<br>(Es importante que + subjonctif (il est important que)) <\/span><\/p>\n                                <audio controls=\"\" controlslist=\"nodownload\">\n                                    <source src=\"https:\/\/d3qbl39ojtqup3.cloudfront.net\/mnemo_audio\/54\/54_20200824104347021.mp3\" type=\"audio\/mp3\"><\/audio>\n                                            \n                <\/div>\n                            <div class=\"normalP\">\n\n                            \n                    \n                        <h3 id=\"lebut\">Le but<\/h3>                    \n                <\/div>\n                            <div class=\"espvocab\">\n\n                            \n                    \n                        <p><img decoding=\"async\" src=\"https:\/\/qzaws.s3-eu-west-1.amazonaws.com\/mnemolia\/spanish+flag.png\" width=\"25px\" alt=\"\" title=\"\"> <span class=\"hand\"> Te llevo al colegio para que estudies <\/span><br><img decoding=\"async\" src=\"https:\/\/qzaws.s3-eu-west-1.amazonaws.com\/mnemolia\/french+flag.png\" width=\"25px\" alt=\"\" title=\"\"> <span> Je t'emm\u00e8ne \u00e0 l'\u00e9cole pour que tu \u00e9tudies<br>(Para que + subjonctif (pour que) ) <\/span><\/p>                            <img decoding=\"async\" class=\"mnImg\" alt=\"Te llevo al colegio para que estudies : Je t'emm\u00e8ne \u00e0 l'\u00e9cole pour que tu \u00e9tudies\" title=\"Te llevo al colegio para que estudies : Je t'emm\u00e8ne \u00e0 l'\u00e9cole pour que tu \u00e9tudies\" src=\"https:\/\/www.mnemolia.com\/images\/54\/54_20200824104347023.jpg\">\n                            \n                                <audio controls=\"\" controlslist=\"nodownload\">\n                                    <source src=\"https:\/\/d3qbl39ojtqup3.cloudfront.net\/mnemo_audio\/54\/54_20200824104347023.mp3\" type=\"audio\/mp3\"><\/audio>\n                                            \n                <\/div>\n                            <div class=\"normalP\">\n\n                            \n                    \n                        <h3 id=\"lesopinionslaformengative\">Les opinions \u00e0 la forme n\u00e9gative<\/h3>                    \n                <\/div>\n                            <div class=\"espvocab\">\n\n                            \n                    \n                        <p><img decoding=\"async\" src=\"https:\/\/qzaws.s3-eu-west-1.amazonaws.com\/mnemolia\/spanish+flag.png\" width=\"25px\" alt=\"\" title=\"\"> <span class=\"hand\"> No pienso que usted pueda comprenderme <\/span><br><img decoding=\"async\" src=\"https:\/\/qzaws.s3-eu-west-1.amazonaws.com\/mnemolia\/french+flag.png\" width=\"25px\" alt=\"\" title=\"\"> <span> Je ne pense pas que vous puissiez me comprendre<br>(No pensar (ie) que + subjonctif (ne pas penser que)) <\/span><\/p>                            <img decoding=\"async\" class=\"mnImg\" alt=\"No pienso que usted pueda comprenderme : Je ne pense pas que vous puissiez me comprendre\" title=\"No pienso que usted pueda comprenderme : Je ne pense pas que vous puissiez me comprendre\" src=\"https:\/\/www.mnemolia.com\/images\/54\/54_20200824104347024.jpg\">\n                            \n                                <audio controls=\"\" controlslist=\"nodownload\">\n                                    <source src=\"https:\/\/d3qbl39ojtqup3.cloudfront.net\/mnemo_audio\/54\/54_20200824104347024.mp3\" type=\"audio\/mp3\"><\/audio>\n                                            \n                <\/div>\n                            <div class=\"espvocab\">\n\n                            \n                    \n                        <p><img decoding=\"async\" src=\"https:\/\/qzaws.s3-eu-west-1.amazonaws.com\/mnemolia\/spanish+flag.png\" width=\"25px\" alt=\"\" title=\"\"> <span class=\"hand\"> No creo que los ni\u00f1os cocinen bien <\/span><br><img decoding=\"async\" src=\"https:\/\/qzaws.s3-eu-west-1.amazonaws.com\/mnemolia\/french+flag.png\" width=\"25px\" alt=\"\" title=\"\"> <span> Je ne pense pas que les enfants cuisinent bien<br>(No creer que + subjonctif (ne pas croire que)) <\/span><\/p>                            <img decoding=\"async\" class=\"mnImg\" alt=\"No creo que los ni\u00f1os cocinen bien : Je ne pense pas que les enfants cuisinent bien\" title=\"No creo que los ni\u00f1os cocinen bien : Je ne pense pas que les enfants cuisinent bien\" src=\"https:\/\/www.mnemolia.com\/images\/54\/54_20200824104347025.jpg\">\n                            \n                                <audio controls=\"\" controlslist=\"nodownload\">\n                                    <source src=\"https:\/\/d3qbl39ojtqup3.cloudfront.net\/mnemo_audio\/54\/54_20200824104347025.mp3\" type=\"audio\/mp3\"><\/audio>\n                                            \n                <\/div>\n","protected":false},"excerpt":{"rendered":"<p>Le pr\u00e9sent du subjonctif est tr\u00e8s utilis\u00e9 en espagnol. Il est utilis\u00e9 d'une mani\u00e8re g\u00e9n\u00e9rale, pour exprimer le doute. On l'utilisera notamment pour exprimer le souhait, les demandes, les conseils, la possibilit\u00e9 etc. Nous allons voir tous ses usages et comment il se forme<\/p>\n","protected":false},"author":1,"featured_media":341,"comment_status":"closed","ping_status":"open","sticky":false,"template":"","format":"standard","meta":{"_et_pb_use_builder":"off","_et_pb_old_content":"","_et_gb_content_width":"","footnotes":""},"categories":[3],"tags":[],"class_list":["post-339","post","type-post","status-publish","format-standard","has-post-thumbnail","hentry","category-espagnol","et-has-post-format-content","et_post_format-et-post-format-standard"],"_links":{"self":[{"href":"https:\/\/www.mnemolia.com\/stories\/wp-json\/wp\/v2\/posts\/339"}],"collection":[{"href":"https:\/\/www.mnemolia.com\/stories\/wp-json\/wp\/v2\/posts"}],"about":[{"href":"https:\/\/www.mnemolia.com\/stories\/wp-json\/wp\/v2\/types\/post"}],"author":[{"embeddable":true,"href":"https:\/\/www.mnemolia.com\/stories\/wp-json\/wp\/v2\/users\/1"}],"replies":[{"embeddable":true,"href":"https:\/\/www.mnemolia.com\/stories\/wp-json\/wp\/v2\/comments?post=339"}],"version-history":[{"count":1,"href":"https:\/\/www.mnemolia.com\/stories\/wp-json\/wp\/v2\/posts\/339\/revisions"}],"predecessor-version":[{"id":342,"href":"https:\/\/www.mnemolia.com\/stories\/wp-json\/wp\/v2\/posts\/339\/revisions\/342"}],"wp:featuredmedia":[{"embeddable":true,"href":"https:\/\/www.mnemolia.com\/stories\/wp-json\/wp\/v2\/media\/341"}],"wp:attachment":[{"href":"https:\/\/www.mnemolia.com\/stories\/wp-json\/wp\/v2\/media?parent=339"}],"wp:term":[{"taxonomy":"category","embeddable":true,"href":"https:\/\/www.mnemolia.com\/stories\/wp-json\/wp\/v2\/categories?post=339"},{"taxonomy":"post_tag","embeddable":true,"href":"https:\/\/www.mnemolia.com\/stories\/wp-json\/wp\/v2\/tags?post=339"}],"curies":[{"name":"wp","href":"https:\/\/api.w.org\/{rel}","templated":true}]}}