{"id":332,"date":"2020-11-26T21:13:00","date_gmt":"2020-11-26T20:13:00","guid":{"rendered":"https:\/\/www.mnemolia.com\/stories\/?p=332"},"modified":"2023-07-29T11:37:41","modified_gmt":"2023-07-29T09:37:41","slug":"futur-espagnol","status":"publish","type":"post","link":"https:\/\/www.mnemolia.com\/stories\/espagnol\/futur-espagnol\/","title":{"rendered":"Le futur en espagnol"},"content":{"rendered":"\n<div class=\"normalP\">\n\n                            \n                    \n                        <p>Comme en fran\u00e7ais, il existe <strong>plusieurs mani\u00e8re d'exprimer le futur<\/strong><\/p>                    \n                <\/div>\n                            <div class=\"normalP\">\n\n                            \n                    \n                        <p>Il y d'abord le <strong>futur proche<\/strong>, qui comme son nom l'indique va permettre d'exprimer des \u00e9v\u00e9nements qui vont se d\u00e9rouler <strong>dans relativement peu de temps<\/strong><\/p>                    \n                <\/div>\n                            <div class=\"normalP\">\n\n                            \n                    \n                        <p>Il se forme quasiment comme en fran\u00e7ais : <strong>verbe \"aller\" (Ir) au pr\u00e9sent + a + infinif du verbe<\/strong><\/p>                    \n                <\/div>\n                            <div class=\"espvocab\">\n\n                            \n                    \n                        <p><img decoding=\"async\" src=\"https:\/\/qzaws.s3-eu-west-1.amazonaws.com\/mnemolia\/spanish+flag.png\" width=\"25px\" alt=\"\" title=\"\"> <span class=\"hand\"> Voy a comer <\/span><br><img decoding=\"async\" src=\"https:\/\/qzaws.s3-eu-west-1.amazonaws.com\/mnemolia\/french+flag.png\" width=\"25px\" alt=\"\" title=\"\"> <span> Je vais manger <\/span><\/p>                            <img decoding=\"async\" class=\"mnImg\" alt=\"Voy a comer : Je vais manger\" title=\"Voy a comer : Je vais manger\" src=\"https:\/\/www.mnemolia.com\/images\/54\/54_20201024235312022.jpg\">\n                            \n                                <audio controls=\"\" controlslist=\"nodownload\">\n                                    <source src=\"https:\/\/d3qbl39ojtqup3.cloudfront.net\/mnemo_audio\/54\/54_20201024235312022.mp3\" type=\"audio\/mp3\"><\/audio>\n                                            \n                <\/div>\n                            <div class=\"espvocab\">\n\n                            \n                    \n                        <p><img decoding=\"async\" src=\"https:\/\/qzaws.s3-eu-west-1.amazonaws.com\/mnemolia\/spanish+flag.png\" width=\"25px\" alt=\"\" title=\"\"> <span class=\"hand\"> Ellos van a bailar <\/span><br><img decoding=\"async\" src=\"https:\/\/qzaws.s3-eu-west-1.amazonaws.com\/mnemolia\/french+flag.png\" width=\"25px\" alt=\"\" title=\"\"> <span> Ils vont danser <\/span><\/p>                            <img decoding=\"async\" class=\"mnImg\" alt=\"Ellos van a bailar : Ils vont danser\" title=\"Ellos van a bailar : Ils vont danser\" src=\"https:\/\/www.mnemolia.com\/images\/54\/54_20201024235312023.jpg\">\n                            \n                                <audio controls=\"\" controlslist=\"nodownload\">\n                                    <source src=\"https:\/\/d3qbl39ojtqup3.cloudfront.net\/mnemo_audio\/54\/54_20201024235312023.mp3\" type=\"audio\/mp3\"><\/audio>\n                                            \n                <\/div>\n                            <div class=\"espvocab\">\n\n                            \n                    \n                        <p><img decoding=\"async\" src=\"https:\/\/qzaws.s3-eu-west-1.amazonaws.com\/mnemolia\/spanish+flag.png\" width=\"25px\" alt=\"\" title=\"\"> <span class=\"hand\"> Vas a salir <\/span><br><img decoding=\"async\" src=\"https:\/\/qzaws.s3-eu-west-1.amazonaws.com\/mnemolia\/french+flag.png\" width=\"25px\" alt=\"\" title=\"\"> <span> Tu vas sortir <\/span><\/p>                            <img decoding=\"async\" class=\"mnImg\" alt=\"Vas a salir : Tu vas sortir\" title=\"Vas a salir : Tu vas sortir\" src=\"https:\/\/www.mnemolia.com\/images\/54\/54_20201024235312024.jpg\">\n                            \n                                <audio controls=\"\" controlslist=\"nodownload\">\n                                    <source src=\"https:\/\/d3qbl39ojtqup3.cloudfront.net\/mnemo_audio\/54\/54_20201024235312024.mp3\" type=\"audio\/mp3\"><\/audio>\n                                            \n                <\/div>\n                            <div class=\"espvocab\">\n\n                            \n                    \n                        <p><img decoding=\"async\" src=\"https:\/\/qzaws.s3-eu-west-1.amazonaws.com\/mnemolia\/spanish+flag.png\" width=\"25px\" alt=\"\" title=\"\"> <span class=\"hand\"> Voy a ducharme <\/span><br><img decoding=\"async\" src=\"https:\/\/qzaws.s3-eu-west-1.amazonaws.com\/mnemolia\/french+flag.png\" width=\"25px\" alt=\"\" title=\"\"> <span> Je vais me doucher <\/span><\/p>                            <img decoding=\"async\" class=\"mnImg\" alt=\"Voy a ducharme : Je vais me doucher\" title=\"Voy a ducharme : Je vais me doucher\" src=\"https:\/\/www.mnemolia.com\/images\/54\/54_20201024235312025.jpg\">\n                            \n                                <audio controls=\"\" controlslist=\"nodownload\">\n                                    <source src=\"https:\/\/d3qbl39ojtqup3.cloudfront.net\/mnemo_audio\/54\/54_20201024235312025.mp3\" type=\"audio\/mp3\"><\/audio>\n                                            \n                <\/div>\n                            <div class=\"normalP\">\n\n                            \n                    \n                        <p>Le <strong>futur simple<\/strong>, lui, s'emploie pour parler de <strong>faits \u00e0 venir<\/strong><\/p>                    \n                <\/div>\n                            <div class=\"normalP\">\n\n                            \n                    \n                        <p>Sa conjugaison <strong>ne change pas<\/strong> selon les verbes<\/p>                    \n                <\/div>\n                            <div class=\"normalP\">\n\n                            \n                    \n                        <p>Donc les verbes en -ar, -er et -ir auront tous les <strong>m\u00eames terminaisons<\/strong>, ce qui est plut\u00f4t pratique<\/p>                    \n                <\/div>\n                            <div class=\"normalP\">\n\n                            \n                    \n                        <table>\n<thead>\n<tr>\n<th><\/th>\n<th style=\"text-align:center;\"><\/th>\n<\/tr>\n<\/thead>\n<tbody>\n<tr>\n<td>Yo<\/td>\n<td style=\"text-align:center;\"><strong>-\u00e9<\/strong><\/td>\n<\/tr>\n<tr>\n<td>T\u00fa<\/td>\n<td style=\"text-align:center;\"><strong>-\u00e1s<\/strong><\/td>\n<\/tr>\n<tr>\n<td>\u00c9l, ella<\/td>\n<td style=\"text-align:center;\"><strong>-\u00e1<\/strong><\/td>\n<\/tr>\n<tr>\n<td>Nosotros, nosotras<\/td>\n<td style=\"text-align:center;\"><strong>-emos<\/strong><\/td>\n<\/tr>\n<tr>\n<td>Vosotros, vosotras<\/td>\n<td style=\"text-align:center;\"><strong>-\u00e9is<\/strong><\/td>\n<\/tr>\n<tr>\n<td>Ellos, Ellas, ustedes<\/td>\n<td style=\"text-align:center;\"><strong>-\u00e1n<\/strong><\/td>\n<\/tr>\n<\/tbody>\n<\/table>                    \n                <\/div>\n                            <div class=\"espvocab\">\n\n                            \n                    \n                        <p><img decoding=\"async\" src=\"https:\/\/qzaws.s3-eu-west-1.amazonaws.com\/mnemolia\/spanish+flag.png\" width=\"25px\" alt=\"\" title=\"\"> <span class=\"hand\"> Cantar\u00e9 <\/span><br><img decoding=\"async\" src=\"https:\/\/qzaws.s3-eu-west-1.amazonaws.com\/mnemolia\/french+flag.png\" width=\"25px\" alt=\"\" title=\"\"> <span> Je chanterai <\/span><\/p>                            <img decoding=\"async\" class=\"mnImg\" alt=\"Cantar\u00e9 : Je chanterai\" title=\"Cantar\u00e9 : Je chanterai\" src=\"https:\/\/www.mnemolia.com\/images\/54\/54_20201024235312026.jpg\">\n                            \n                                <audio controls=\"\" controlslist=\"nodownload\">\n                                    <source src=\"https:\/\/d3qbl39ojtqup3.cloudfront.net\/mnemo_audio\/54\/54_20201024235312026.mp3\" type=\"audio\/mp3\"><\/audio>\n                                            \n                <\/div>\n                            <div class=\"espvocab\">\n\n                            \n                    \n                        <p><img decoding=\"async\" src=\"https:\/\/qzaws.s3-eu-west-1.amazonaws.com\/mnemolia\/spanish+flag.png\" width=\"25px\" alt=\"\" title=\"\"> <span class=\"hand\"> Cantar\u00e1s <\/span><br><img decoding=\"async\" src=\"https:\/\/qzaws.s3-eu-west-1.amazonaws.com\/mnemolia\/french+flag.png\" width=\"25px\" alt=\"\" title=\"\"> <span> Tu chanteras <\/span><\/p>                            <img decoding=\"async\" class=\"mnImg\" alt=\"Cantar\u00e1s : Tu chanteras\" title=\"Cantar\u00e1s : Tu chanteras\" src=\"https:\/\/www.mnemolia.com\/images\/54\/54_20201024235312027.jpg\">\n                            \n                                <audio controls=\"\" controlslist=\"nodownload\">\n                                    <source src=\"https:\/\/d3qbl39ojtqup3.cloudfront.net\/mnemo_audio\/54\/54_20201024235312027.mp3\" type=\"audio\/mp3\"><\/audio>\n                                            \n                <\/div>\n                            <div class=\"espvocab\">\n\n                            \n                    \n                        <p><img decoding=\"async\" src=\"https:\/\/qzaws.s3-eu-west-1.amazonaws.com\/mnemolia\/spanish+flag.png\" width=\"25px\" alt=\"\" title=\"\"> <span class=\"hand\"> Cantar\u00e1 <\/span><br><img decoding=\"async\" src=\"https:\/\/qzaws.s3-eu-west-1.amazonaws.com\/mnemolia\/french+flag.png\" width=\"25px\" alt=\"\" title=\"\"> <span> Il\/elle chantera <\/span><\/p>                            <img decoding=\"async\" class=\"mnImg\" alt=\"Cantar\u00e1 : Il\/elle chantera\" title=\"Cantar\u00e1 : Il\/elle chantera\" src=\"https:\/\/www.mnemolia.com\/images\/54\/54_20201024235312028.jpg\">\n                            \n                                <audio controls=\"\" controlslist=\"nodownload\">\n                                    <source src=\"https:\/\/d3qbl39ojtqup3.cloudfront.net\/mnemo_audio\/54\/54_20201024235312028.mp3\" type=\"audio\/mp3\"><\/audio>\n                                            \n                <\/div>\n                            <div class=\"espvocab\">\n\n                            \n                    \n                        <p><img decoding=\"async\" src=\"https:\/\/qzaws.s3-eu-west-1.amazonaws.com\/mnemolia\/spanish+flag.png\" width=\"25px\" alt=\"\" title=\"\"> <span class=\"hand\"> Cantaremos <\/span><br><img decoding=\"async\" src=\"https:\/\/qzaws.s3-eu-west-1.amazonaws.com\/mnemolia\/french+flag.png\" width=\"25px\" alt=\"\" title=\"\"> <span> Nous chanterons <\/span><\/p>                            <img decoding=\"async\" class=\"mnImg\" alt=\"Cantaremos : Nous chanterons\" title=\"Cantaremos : Nous chanterons\" src=\"https:\/\/www.mnemolia.com\/images\/54\/54_20201024235312029.jpg\">\n                            \n                                <audio controls=\"\" controlslist=\"nodownload\">\n                                    <source src=\"https:\/\/d3qbl39ojtqup3.cloudfront.net\/mnemo_audio\/54\/54_20201024235312029.mp3\" type=\"audio\/mp3\"><\/audio>\n                                            \n                <\/div>\n                            <div class=\"espvocab\">\n\n                            \n                    \n                        <p><img decoding=\"async\" src=\"https:\/\/qzaws.s3-eu-west-1.amazonaws.com\/mnemolia\/spanish+flag.png\" width=\"25px\" alt=\"\" title=\"\"> <span class=\"hand\"> Cantar\u00e9is <\/span><br><img decoding=\"async\" src=\"https:\/\/qzaws.s3-eu-west-1.amazonaws.com\/mnemolia\/french+flag.png\" width=\"25px\" alt=\"\" title=\"\"> <span> Vous chanterez<br>(\u00c0 un groupe de personnes que l'on tutoie) <\/span><\/p>                            <img decoding=\"async\" class=\"mnImg\" alt=\"Cantar\u00e9is : Vous chanterez\" title=\"Cantar\u00e9is : Vous chanterez\" src=\"https:\/\/www.mnemolia.com\/images\/54\/54_20201024235312030.jpg\">\n                            \n                                <audio controls=\"\" controlslist=\"nodownload\">\n                                    <source src=\"https:\/\/d3qbl39ojtqup3.cloudfront.net\/mnemo_audio\/54\/54_20201024235312030.mp3\" type=\"audio\/mp3\"><\/audio>\n                                            \n                <\/div>\n                            <div class=\"espvocab\">\n\n                            \n                    \n                        <p><img decoding=\"async\" src=\"https:\/\/qzaws.s3-eu-west-1.amazonaws.com\/mnemolia\/spanish+flag.png\" width=\"25px\" alt=\"\" title=\"\"> <span class=\"hand\"> Cantar\u00e1n <\/span><br><img decoding=\"async\" src=\"https:\/\/qzaws.s3-eu-west-1.amazonaws.com\/mnemolia\/french+flag.png\" width=\"25px\" alt=\"\" title=\"\"> <span> Ils\/elles chanteront <\/span><\/p>                            <img decoding=\"async\" class=\"mnImg\" alt=\"Cantar\u00e1n : Ils\/elles chanteront\" title=\"Cantar\u00e1n : Ils\/elles chanteront\" src=\"https:\/\/www.mnemolia.com\/images\/54\/54_20201024235312031.jpg\">\n                            \n                                <audio controls=\"\" controlslist=\"nodownload\">\n                                    <source src=\"https:\/\/d3qbl39ojtqup3.cloudfront.net\/mnemo_audio\/54\/54_20201024235312031.mp3\" type=\"audio\/mp3\"><\/audio>\n                                            \n                <\/div>\n                            <div class=\"normalP\">\n\n                            \n                    \n                        <p>Et comme toujours, il y a des <strong>irr\u00e9guliers<\/strong>\u2026<\/p>                    \n                <\/div>\n                            <div class=\"normalP\">\n\n                            \n                    \n                        <p>Par contre il ne sont pas tr\u00e8s difficile \u00e0 retenir puisque les <strong>terminaisons ne changent pas<\/strong><\/p>                    \n                <\/div>\n                            <div class=\"normalP\">\n\n                            \n                    \n                        <p>C'est plut\u00f4t le <strong>radical<\/strong> qui est modifi\u00e9<\/p>                    \n                <\/div>\n                            <div class=\"normalP\">\n\n                            \n                    \n                        <p><span>Tener (avoir)<\/span>\n<img decoding=\"async\" src=\"https:\/\/qzaws.s3-eu-west-1.amazonaws.com\/mnemolia\/spanish+flag.png\" width=\"25px\" alt=\"\" title=\"\"><span class=\"hand\"> tendr\u00e9, tendr\u00e1s, tendr\u00e1, tendremos, tendr\u00e9is, tendr\u00e1n <\/span><\/p>\n                                <audio controls=\"\" controlslist=\"nodownload\">\n                                    <source src=\"https:\/\/d3qbl39ojtqup3.cloudfront.net\/mnemo_audio\/54\/54_20200825122524146.mp3\" type=\"audio\/mp3\"><\/audio>\n                                            \n                <\/div>\n                            <div class=\"normalP\">\n\n                            \n                    \n                        <p>En utilisant le futur, il faut faire attention \u00e0 la <strong>concordance des temps<\/strong><\/p>                    \n                <\/div>\n                            <div class=\"normalP\">\n\n                            \n                    \n                        <p>L\u00e0 o\u00f9 le fran\u00e7ais n'utilise <strong>que le futur<\/strong>, l'espagnol va l\u2019accompagner du <strong>subjonctif pr\u00e9sent<\/strong><\/p>                    \n                <\/div>\n                            <div class=\"espvocab\">\n\n                            \n                    \n                        <p><img decoding=\"async\" src=\"https:\/\/qzaws.s3-eu-west-1.amazonaws.com\/mnemolia\/spanish+flag.png\" width=\"25px\" alt=\"\" title=\"\"> <span class=\"hand\"> Cuando <strong>sea<\/strong> mayor, <strong>ser\u00e9<\/strong> arque\u00f3logo <\/span><br><img decoding=\"async\" src=\"https:\/\/qzaws.s3-eu-west-1.amazonaws.com\/mnemolia\/french+flag.png\" width=\"25px\" alt=\"\" title=\"\"> <span> Quand je serai grand, je serai arch\u00e9ologue <\/span><\/p>                            <img decoding=\"async\" class=\"mnImg\" alt=\"Cuando **sea** mayor, **ser\u00e9** arque\u00f3logo : Quand je serai grand, je serai arch\u00e9ologue\" title=\"Cuando **sea** mayor, **ser\u00e9** arque\u00f3logo : Quand je serai grand, je serai arch\u00e9ologue\" src=\"https:\/\/www.mnemolia.com\/images\/54\/54_20201024235312032.jpg\">\n                            \n                                <audio controls=\"\" controlslist=\"nodownload\">\n                                    <source src=\"https:\/\/d3qbl39ojtqup3.cloudfront.net\/mnemo_audio\/54\/54_20201024235312032.mp3\" type=\"audio\/mp3\"><\/audio>\n                                            \n                <\/div>\n","protected":false},"excerpt":{"rendered":"<p>Comme en fran\u00e7ais, il existe plusieurs mani\u00e8re d'exprimer le futur en espagnol, voyons quand l'utiliser et comment il se forme<\/p>\n","protected":false},"author":1,"featured_media":333,"comment_status":"closed","ping_status":"open","sticky":false,"template":"","format":"standard","meta":{"_et_pb_use_builder":"off","_et_pb_old_content":"","_et_gb_content_width":"","footnotes":""},"categories":[3],"tags":[],"class_list":["post-332","post","type-post","status-publish","format-standard","has-post-thumbnail","hentry","category-espagnol","et-has-post-format-content","et_post_format-et-post-format-standard"],"_links":{"self":[{"href":"https:\/\/www.mnemolia.com\/stories\/wp-json\/wp\/v2\/posts\/332"}],"collection":[{"href":"https:\/\/www.mnemolia.com\/stories\/wp-json\/wp\/v2\/posts"}],"about":[{"href":"https:\/\/www.mnemolia.com\/stories\/wp-json\/wp\/v2\/types\/post"}],"author":[{"embeddable":true,"href":"https:\/\/www.mnemolia.com\/stories\/wp-json\/wp\/v2\/users\/1"}],"replies":[{"embeddable":true,"href":"https:\/\/www.mnemolia.com\/stories\/wp-json\/wp\/v2\/comments?post=332"}],"version-history":[{"count":1,"href":"https:\/\/www.mnemolia.com\/stories\/wp-json\/wp\/v2\/posts\/332\/revisions"}],"predecessor-version":[{"id":334,"href":"https:\/\/www.mnemolia.com\/stories\/wp-json\/wp\/v2\/posts\/332\/revisions\/334"}],"wp:featuredmedia":[{"embeddable":true,"href":"https:\/\/www.mnemolia.com\/stories\/wp-json\/wp\/v2\/media\/333"}],"wp:attachment":[{"href":"https:\/\/www.mnemolia.com\/stories\/wp-json\/wp\/v2\/media?parent=332"}],"wp:term":[{"taxonomy":"category","embeddable":true,"href":"https:\/\/www.mnemolia.com\/stories\/wp-json\/wp\/v2\/categories?post=332"},{"taxonomy":"post_tag","embeddable":true,"href":"https:\/\/www.mnemolia.com\/stories\/wp-json\/wp\/v2\/tags?post=332"}],"curies":[{"name":"wp","href":"https:\/\/api.w.org\/{rel}","templated":true}]}}