{"id":1466,"date":"2024-12-10T16:05:15","date_gmt":"2024-12-10T15:05:15","guid":{"rendered":"https:\/\/www.mnemolia.com\/stories\/?p=1466"},"modified":"2024-11-25T16:06:19","modified_gmt":"2024-11-25T15:06:19","slug":"mosquitero-musical","status":"publish","type":"post","link":"https:\/\/www.mnemolia.com\/stories\/es\/aves\/mosquitero-musical\/","title":{"rendered":"Caracter\u00edsticas y canto del mosquitero musical"},"content":{"rendered":"\n<div class=\"wp-block-rank-math-toc-block\" id=\"rank-math-toc\"><nav><ul><li class=\"\"><a href=\"#como-es-el-mosquitero-musical\">\u00bfC\u00f3mo es el mosquitero musical?<\/a><\/li><li class=\"\"><a href=\"#como-se-comporta-el-mosquitero-musical\">\u00bfC\u00f3mo se comporta el mosquitero musical?<\/a><\/li><li class=\"\"><a href=\"#canto-y-llamadas-del-mosquitero-musical\">Canto y llamadas del mosquitero musical<\/a><\/li><li class=\"\"><a href=\"#reproduccion-del-mosquitero-musical\">Reproducci\u00f3n del mosquitero musical<\/a><\/li><li class=\"\"><a href=\"#que-come-el-mosquitero-musical\">\u00bfQu\u00e9 come el mosquitero musical?<\/a><\/li><li class=\"\"><a href=\"#donde-vive-el-mosquitero-musical\">\u00bfD\u00f3nde vive el mosquitero musical?<\/a><\/li><\/ul><\/nav><\/div>\n\n\n\n<h2 class=\"wp-block-heading\" id=\"como-es-el-mosquitero-musical\">\u00bfC\u00f3mo es el mosquitero musical?<\/h2>\n\n\n\n<p>El <strong>mosquitero musical<\/strong> destaca por su plumaje <strong>gris-marr\u00f3n<\/strong> con matices verdosos. Se parece mucho al <strong>mosquitero com\u00fan<\/strong>, pero tiene diferencias sutiles como patas m\u00e1s claras y <strong>alas m\u00e1s largas<\/strong>, que reflejan su capacidad de migrar largas distancias. Su parte superior es gris-marr\u00f3n verdoso, mientras que la inferior var\u00eda entre beige y amarillo p\u00e1lido. Tiene una ceja clara, al igual que su pariente cercano, el mosquitero com\u00fan, y es aproximadamente del tama\u00f1o de un herrerillo com\u00fan.<\/p>\n\n\n\n<figure class=\"wp-block-image aligncenter size-large is-resized\"><img decoding=\"async\" src=\"https:\/\/www.mnemolia.com\/images\/66\/MAEJGXFIfuc.webp\" alt=\"mosquitero musical caracter\u00edsticas\" style=\"width:650px;height:auto\" title=\"\"><\/figure>\n\n\n\n<h2 class=\"wp-block-heading\" id=\"como-se-comporta-el-mosquitero-musical\">\u00bfC\u00f3mo se comporta el mosquitero musical?<\/h2>\n\n\n\n<p>El <strong>comportamiento<\/strong> del mosquitero musical lo distingue tanto como su canto. Es m\u00e1s f\u00e1cil identificarlo por su <strong>melod\u00eda<\/strong> que por su apariencia discreta. Se le observa a menudo cantando en <strong>\u00e1rboles<\/strong> y setos, desde donde emite su particular canto melanc\u00f3lico y aflautado.<\/p>\n\n\n\n<figure class=\"wp-block-image aligncenter size-large is-resized\"><img decoding=\"async\" src=\"https:\/\/www.mnemolia.com\/images\/66\/MAC_5RmDtLU.webp\" alt=\"mosquitero musical cantando en un \u00e1rbol\" style=\"width:650px;height:auto\" title=\"\"><\/figure>\n\n\n\n<h2 class=\"wp-block-heading\" id=\"canto-y-llamadas-del-mosquitero-musical\">Canto y llamadas del mosquitero musical<\/h2>\n\n\n\n<p>El canto del mosquitero musical es <strong>melanc\u00f3lico y aflautado<\/strong>, con una caracter\u00edstica cascada de notas descendentes. Su melod\u00eda t\u00edpica incluye sonidos como \"fit-fit-fit sisisisisi yito\u00efto\u00efto\u00efto\u00ef teuyto\u00ef\". Tambi\u00e9n emite llamadas silbadas y ascendentes \"hu-it\". Estas <strong>vocalizaciones<\/strong> son claves para diferenciarlo de otras especies similares.<\/p>\n\n\n\n<figure class=\"wp-block-image aligncenter size-large is-resized\"><img decoding=\"async\" src=\"https:\/\/www.mnemolia.com\/images\/66\/MADCLZMZAEw.webp\" alt=\"canto del mosquitero musical\" style=\"width:650px;height:auto\" title=\"\"><\/figure>\n\n\n\n<h2 class=\"wp-block-heading\" id=\"reproduccion-del-mosquitero-musical\">Reproducci\u00f3n del mosquitero musical<\/h2>\n\n\n\n<p>La <strong>reproducci\u00f3n<\/strong> del mosquitero musical tiene lugar entre mayo y agosto. Durante este per\u00edodo, la hembra pone de <strong>4 a 7 huevos<\/strong> blancos con manchas marrones. Su nido, una bola elaborada de hierba y hojas, se construye cerca del suelo en arbustos densos, lo que proporciona protecci\u00f3n contra depredadores.<\/p>\n\n\n\n<figure class=\"wp-block-image aligncenter size-large is-resized\"><img decoding=\"async\" src=\"https:\/\/www.mnemolia.com\/images\/66\/MADAQJ5MDjU.webp\" alt=\"nido del mosquitero musical\" style=\"width:650px;height:auto\" title=\"\"><\/figure>\n\n\n\n<h2 class=\"wp-block-heading\" id=\"que-come-el-mosquitero-musical\">\u00bfQu\u00e9 come el mosquitero musical?<\/h2>\n\n\n\n<p>El <strong>mosquitero musical<\/strong> es una especie <strong>insect\u00edvora<\/strong>. Su dieta incluye insectos que encuentra en los \u00e1rboles y el follaje, mostrando un comportamiento activo mientras busca alimento entre las hojas.<\/p>\n\n\n\n<figure class=\"wp-block-image aligncenter size-large is-resized\"><img decoding=\"async\" src=\"https:\/\/www.mnemolia.com\/images\/66\/MAEEJJwyFLg.webp\" alt=\"mosquitero musical buscando comida\" style=\"width:650px;height:auto\" title=\"\"><\/figure>\n\n\n\n<h2 class=\"wp-block-heading\" id=\"donde-vive-el-mosquitero-musical\">\u00bfD\u00f3nde vive el mosquitero musical?<\/h2>\n\n\n\n<p>El mosquitero musical habita en <strong>bosques claros<\/strong> de frondosas y mixtos, as\u00ed como en parques y jardines con setos. Es un ave <strong>migratoria<\/strong> de larga distancia: pasa el invierno al sur del Sahara y regresa en primavera al norte de Europa para anidar. Durante su migraci\u00f3n, se le puede escuchar en Europa occidental, especialmente en los dos tercios del norte de Francia.<\/p>\n\n\n\n<figure class=\"wp-block-image aligncenter size-large is-resized\"><img decoding=\"async\" src=\"https:\/\/www.mnemolia.com\/images\/66\/MAEEOQwpIyw.webp\" alt=\"mosquitero musical en su h\u00e1bitat\" style=\"width:650px;height:auto\" title=\"\"><\/figure>\n","protected":false},"excerpt":{"rendered":"<p>\u00bfC\u00f3mo es el mosquitero musical? El mosquitero musical destaca por su plumaje gris-marr\u00f3n con matices verdosos. Se parece mucho al mosquitero com\u00fan, pero tiene diferencias sutiles como patas m\u00e1s claras y alas m\u00e1s largas, que reflejan su capacidad de migrar largas distancias. Su parte superior es gris-marr\u00f3n verdoso, mientras que la inferior var\u00eda entre beige [&hellip;]<\/p>\n","protected":false},"author":1,"featured_media":1213,"comment_status":"closed","ping_status":"open","sticky":false,"template":"","format":"standard","meta":{"_et_pb_use_builder":"off","_et_pb_old_content":"","_et_gb_content_width":"","footnotes":""},"categories":[49],"tags":[],"class_list":["post-1466","post","type-post","status-publish","format-standard","has-post-thumbnail","hentry","category-aves","et-has-post-format-content","et_post_format-et-post-format-standard"],"_links":{"self":[{"href":"https:\/\/www.mnemolia.com\/stories\/wp-json\/wp\/v2\/posts\/1466"}],"collection":[{"href":"https:\/\/www.mnemolia.com\/stories\/wp-json\/wp\/v2\/posts"}],"about":[{"href":"https:\/\/www.mnemolia.com\/stories\/wp-json\/wp\/v2\/types\/post"}],"author":[{"embeddable":true,"href":"https:\/\/www.mnemolia.com\/stories\/wp-json\/wp\/v2\/users\/1"}],"replies":[{"embeddable":true,"href":"https:\/\/www.mnemolia.com\/stories\/wp-json\/wp\/v2\/comments?post=1466"}],"version-history":[{"count":1,"href":"https:\/\/www.mnemolia.com\/stories\/wp-json\/wp\/v2\/posts\/1466\/revisions"}],"predecessor-version":[{"id":1467,"href":"https:\/\/www.mnemolia.com\/stories\/wp-json\/wp\/v2\/posts\/1466\/revisions\/1467"}],"wp:featuredmedia":[{"embeddable":true,"href":"https:\/\/www.mnemolia.com\/stories\/wp-json\/wp\/v2\/media\/1213"}],"wp:attachment":[{"href":"https:\/\/www.mnemolia.com\/stories\/wp-json\/wp\/v2\/media?parent=1466"}],"wp:term":[{"taxonomy":"category","embeddable":true,"href":"https:\/\/www.mnemolia.com\/stories\/wp-json\/wp\/v2\/categories?post=1466"},{"taxonomy":"post_tag","embeddable":true,"href":"https:\/\/www.mnemolia.com\/stories\/wp-json\/wp\/v2\/tags?post=1466"}],"curies":[{"name":"wp","href":"https:\/\/api.w.org\/{rel}","templated":true}]}}