{"id":1446,"date":"2024-12-08T15:36:39","date_gmt":"2024-12-08T14:36:39","guid":{"rendered":"https:\/\/www.mnemolia.com\/stories\/?p=1446"},"modified":"2024-11-25T15:37:46","modified_gmt":"2024-11-25T14:37:46","slug":"curruca-cabecinegra","status":"publish","type":"post","link":"https:\/\/www.mnemolia.com\/stories\/es\/aves\/curruca-cabecinegra\/","title":{"rendered":"Todo sobre la curruca cabecinegra: caracter\u00edsticas y h\u00e1bitat"},"content":{"rendered":"\n<div class=\"wp-block-rank-math-toc-block\" id=\"rank-math-toc\"><nav><ul><li class=\"\"><a href=\"#caracteristicas-de-la-curruca-cabecinegra\">Caracter\u00edsticas de la curruca cabecinegra<\/a><\/li><li class=\"\"><a href=\"#comportamiento-de-la-curruca-cabecinegra\">Comportamiento de la curruca cabecinegra<\/a><\/li><li class=\"\"><a href=\"#el-canto-y-las-llamadas-de-la-curruca-cabecinegra\">El canto y las llamadas de la curruca cabecinegra<\/a><\/li><li class=\"\"><a href=\"#reproduccion-de-la-curruca-cabecinegra\">Reproducci\u00f3n de la curruca cabecinegra<\/a><\/li><li class=\"\"><a href=\"#alimentacion-de-la-curruca-cabecinegra\">Alimentaci\u00f3n de la curruca cabecinegra<\/a><\/li><li class=\"\"><a href=\"#habitat-de-la-curruca-cabecinegra\">H\u00e1bitat de la curruca cabecinegra<\/a><\/li><\/ul><\/nav><\/div>\n\n\n\n<h2 class=\"wp-block-heading\" id=\"caracteristicas-de-la-curruca-cabecinegra\">Caracter\u00edsticas de la curruca cabecinegra<\/h2>\n\n\n\n<p>La <strong>curruca cabecinegra<\/strong> es f\u00e1cilmente identificable por su cabeza negra con ojos rojos, que la hace \u00fanica entre otras aves. Su garganta es de un blanco puro, mientras que la parte superior de su cuerpo presenta un tono <strong>gris<\/strong> caracter\u00edstico. En contraste, las hembras tienen la cabeza gris y su plumaje es de un marr\u00f3n claro.<\/p>\n\n\n\n<figure class=\"wp-block-image aligncenter size-large is-resized\"><img decoding=\"async\" src=\"https:\/\/www.mnemolia.com\/images\/66\/MADm3zDkeCc.webp\" alt=\"curruca cabecinegra con cabeza negra\" style=\"width:650px;height:auto\" title=\"\"><\/figure>\n\n\n\n<h2 class=\"wp-block-heading\" id=\"comportamiento-de-la-curruca-cabecinegra\">Comportamiento de la curruca cabecinegra<\/h2>\n\n\n\n<p>Esta ave suele permanecer <strong>escondida<\/strong> entre los arbustos, lo que puede dificultar su observaci\u00f3n directa. Sin embargo, es reconocible por su caracter\u00edstica llamada de <strong>carraca<\/strong>, que emite frecuentemente mientras est\u00e1 oculta.<\/p>\n\n\n\n<figure class=\"wp-block-image aligncenter size-large is-resized\"><img decoding=\"async\" src=\"https:\/\/www.mnemolia.com\/images\/66\/MADOzyiUcbU.webp\" alt=\"curruca cabecinegra escondida en un arbusto\" style=\"width:650px;height:auto\" title=\"\"><\/figure>\n\n\n\n<h2 class=\"wp-block-heading\" id=\"el-canto-y-las-llamadas-de-la-curruca-cabecinegra\">El canto y las llamadas de la curruca cabecinegra<\/h2>\n\n\n\n<p>El canto de la curruca cabecinegra es una <strong>secuencia r\u00e1pida<\/strong> de estrofas breves y sonoras, con tonos que recuerdan a su llamada de carraca \"trr-trr-trr\". Este canto particular la distingue de otras especies.<\/p>\n\n\n\n<figure class=\"wp-block-image aligncenter size-large is-resized\"><img decoding=\"async\" src=\"https:\/\/www.mnemolia.com\/images\/66\/MADCKPp8Tko.webp\" alt=\"curruca cabecinegra emitiendo su canto\" style=\"width:650px;height:auto\" title=\"\"><\/figure>\n\n\n\n<h2 class=\"wp-block-heading\" id=\"reproduccion-de-la-curruca-cabecinegra\">Reproducci\u00f3n de la curruca cabecinegra<\/h2>\n\n\n\n<p>El per\u00edodo de reproducci\u00f3n de la curruca cabecinegra abarca de <strong>marzo a agosto<\/strong>. Durante este tiempo, pone de 2 a 3 nidadas por a\u00f1o, cada una con 3 a 5 huevos blanco sucio con manchas oscuras. Su nido, una copa de tallos construida cerca del suelo, es cuidadosamente seleccionado por la hembra, aunque el macho construye varios para ofrecer opciones.<\/p>\n\n\n\n<figure class=\"wp-block-image aligncenter size-large is-resized\"><img decoding=\"async\" src=\"https:\/\/www.mnemolia.com\/images\/66\/MADOzyiUcbU.webp\" alt=\"nido de curruca cabecinegra en un arbusto\" style=\"width:650px;height:auto\" title=\"\"><\/figure>\n\n\n\n<h2 class=\"wp-block-heading\" id=\"alimentacion-de-la-curruca-cabecinegra\">Alimentaci\u00f3n de la curruca cabecinegra<\/h2>\n\n\n\n<p>La dieta de la curruca cabecinegra es <strong>variada<\/strong>, incluyendo insectos, frutas y n\u00e9ctar. Durante la primavera, es com\u00fan verla colgada de las flores de <strong>almendros<\/strong>, extrayendo n\u00e9ctar con gran agilidad.<\/p>\n\n\n\n<figure class=\"wp-block-image aligncenter size-large is-resized\"><img decoding=\"async\" src=\"https:\/\/www.mnemolia.com\/images\/66\/MAC9r2brhXw.webp\" alt=\"curruca cabecinegra aliment\u00e1ndose de n\u00e9ctar\" style=\"width:650px;height:auto\" title=\"\"><\/figure>\n\n\n\n<h2 class=\"wp-block-heading\" id=\"habitat-de-la-curruca-cabecinegra\">H\u00e1bitat de la curruca cabecinegra<\/h2>\n\n\n\n<p>La curruca cabecinegra vive principalmente en el <strong>sureste de Francia<\/strong>, en matorrales densos, bosques claros y olivares. Tambi\u00e9n es frecuente encontrarla en los matorrales de parques y jardines, e incluso cerca de habitaciones humanas. Aunque es una especie <strong>sedentaria<\/strong>, en oto\u00f1o algunas aves migran hacia el sur.<\/p>\n\n\n\n<figure class=\"wp-block-image aligncenter size-large is-resized\"><img decoding=\"async\" src=\"https:\/\/www.mnemolia.com\/images\/66\/MAD3zj0W3HQ.webp\" alt=\"h\u00e1bitat de la curruca cabecinegra en matorrales\" style=\"width:650px;height:auto\" title=\"\"><\/figure>\n","protected":false},"excerpt":{"rendered":"<p>Caracter\u00edsticas de la curruca cabecinegra La curruca cabecinegra es f\u00e1cilmente identificable por su cabeza negra con ojos rojos, que la hace \u00fanica entre otras aves. Su garganta es de un blanco puro, mientras que la parte superior de su cuerpo presenta un tono gris caracter\u00edstico. En contraste, las hembras tienen la cabeza gris y su [&hellip;]<\/p>\n","protected":false},"author":1,"featured_media":1211,"comment_status":"closed","ping_status":"open","sticky":false,"template":"","format":"standard","meta":{"_et_pb_use_builder":"off","_et_pb_old_content":"","_et_gb_content_width":"","footnotes":""},"categories":[49],"tags":[],"class_list":["post-1446","post","type-post","status-publish","format-standard","has-post-thumbnail","hentry","category-aves","et-has-post-format-content","et_post_format-et-post-format-standard"],"_links":{"self":[{"href":"https:\/\/www.mnemolia.com\/stories\/wp-json\/wp\/v2\/posts\/1446"}],"collection":[{"href":"https:\/\/www.mnemolia.com\/stories\/wp-json\/wp\/v2\/posts"}],"about":[{"href":"https:\/\/www.mnemolia.com\/stories\/wp-json\/wp\/v2\/types\/post"}],"author":[{"embeddable":true,"href":"https:\/\/www.mnemolia.com\/stories\/wp-json\/wp\/v2\/users\/1"}],"replies":[{"embeddable":true,"href":"https:\/\/www.mnemolia.com\/stories\/wp-json\/wp\/v2\/comments?post=1446"}],"version-history":[{"count":1,"href":"https:\/\/www.mnemolia.com\/stories\/wp-json\/wp\/v2\/posts\/1446\/revisions"}],"predecessor-version":[{"id":1447,"href":"https:\/\/www.mnemolia.com\/stories\/wp-json\/wp\/v2\/posts\/1446\/revisions\/1447"}],"wp:featuredmedia":[{"embeddable":true,"href":"https:\/\/www.mnemolia.com\/stories\/wp-json\/wp\/v2\/media\/1211"}],"wp:attachment":[{"href":"https:\/\/www.mnemolia.com\/stories\/wp-json\/wp\/v2\/media?parent=1446"}],"wp:term":[{"taxonomy":"category","embeddable":true,"href":"https:\/\/www.mnemolia.com\/stories\/wp-json\/wp\/v2\/categories?post=1446"},{"taxonomy":"post_tag","embeddable":true,"href":"https:\/\/www.mnemolia.com\/stories\/wp-json\/wp\/v2\/tags?post=1446"}],"curies":[{"name":"wp","href":"https:\/\/api.w.org\/{rel}","templated":true}]}}