{"id":1438,"date":"2024-12-07T15:27:02","date_gmt":"2024-12-07T14:27:02","guid":{"rendered":"https:\/\/www.mnemolia.com\/stories\/?p=1438"},"modified":"2024-11-25T15:29:36","modified_gmt":"2024-11-25T14:29:36","slug":"capinera-habitat","status":"publish","type":"post","link":"https:\/\/www.mnemolia.com\/stories\/it\/uccelli\/capinera-habitat\/","title":{"rendered":"Capinera: tutto sull'habitat e il comportamento"},"content":{"rendered":"\n<div class=\"wp-block-rank-math-toc-block\" id=\"rank-math-toc\"><nav><ul><li class=\"\"><a href=\"#come-riconoscere-la-capinera-caratteristiche-fisiche\">Come riconoscere la capinera: caratteristiche fisiche<\/a><\/li><li class=\"\"><a href=\"#comportamento-della-capinera\">Comportamento della capinera<\/a><\/li><li class=\"\"><a href=\"#il-canto-e-i-richiami-della-capinera\">Il canto e i richiami della capinera<\/a><\/li><li class=\"\"><a href=\"#riproduzione-della-capinera\">Riproduzione della capinera<\/a><\/li><li class=\"\"><a href=\"#alimentazione-della-capinera\">Alimentazione della capinera<\/a><\/li><li class=\"\"><a href=\"#habitat-e-migrazione-della-capinera\">Habitat e migrazione della capinera<\/a><\/li><\/ul><\/nav><\/div>\n\n\n\n<h2 class=\"wp-block-heading\" id=\"come-riconoscere-la-capinera-caratteristiche-fisiche\">Come riconoscere la capinera: caratteristiche fisiche<\/h2>\n\n\n\n<p><strong>La capinera<\/strong> \u00e8 facilmente riconoscibile grazie al suo piumaggio grigio e alla caratteristica <strong>cuffia nera<\/strong> sulla testa. Gli occhi sono di un <strong>nero intenso<\/strong>, mentre le zampe mostrano una tonalit\u00e0 grigio scuro. La parte superiore del corpo \u00e8 pi\u00f9 scura rispetto alla parte inferiore, creando un contrasto unico. Nella femmina, la cuffia \u00e8 di colore <strong>rosso<\/strong>, distinguendola cos\u00ec dal maschio. La capinera \u00e8 di dimensioni simili a quelle di un passero.<\/p>\n\n\n\n<figure class=\"wp-block-image aligncenter size-large is-resized\"><img decoding=\"async\" src=\"https:\/\/www.mnemolia.com\/images\/66\/MADnWGRk7_A.webp\" alt=\"capinera con cuffia nera\" style=\"width:650px;height:auto\" title=\"\"><\/figure>\n\n\n\n<h2 class=\"wp-block-heading\" id=\"comportamento-della-capinera\">Comportamento della capinera<\/h2>\n\n\n\n<p><strong>Spesso nascosta<\/strong> tra i cespugli, la capinera \u00e8 difficile da individuare a occhio nudo. Tuttavia, si fa notare per il suo <strong>canto melodioso<\/strong> e sonoro, che risuona nei boschi e nei giardini.<\/p>\n\n\n\n<figure class=\"wp-block-image aligncenter size-large is-resized\"><img decoding=\"async\" src=\"https:\/\/www.mnemolia.com\/images\/66\/MADrEhesKLI.webp\" alt=\"capinera nascosta nei cespugli\" style=\"width:650px;height:auto\" title=\"\"><\/figure>\n\n\n\n<h2 class=\"wp-block-heading\" id=\"il-canto-e-i-richiami-della-capinera\">Il canto e i richiami della capinera<\/h2>\n\n\n\n<p><strong>Il canto della capinera<\/strong> \u00e8 tra i pi\u00f9 riconoscibili nel mondo degli uccelli: potente, flautato e molto <strong>loquace<\/strong>. Oltre al canto, emette richiami specifici come un caratteristico \u201c<strong>tac tac<\/strong>\u201d.<\/p>\n\n\n\n<figure class=\"wp-block-image aligncenter size-large is-resized\"><img decoding=\"async\" src=\"https:\/\/www.mnemolia.com\/images\/66\/MADBZtZ_014.webp\" alt=\"canto della capinera\" style=\"width:650px;height:auto\" title=\"\"><\/figure>\n\n\n\n<h2 class=\"wp-block-heading\" id=\"riproduzione-della-capinera\">Riproduzione della capinera<\/h2>\n\n\n\n<p><strong>La stagione riproduttiva<\/strong> della capinera va da aprile ad agosto. La specie depone 1 o 2 covate all'anno, con 3-6 uova brunastre, spesso <strong>macchiate<\/strong> o marmorizzate di marrone. Il nido, costruito sugli alberi o tra gli arbusti, \u00e8 una semplice coppa di rametti ed erba.<\/p>\n\n\n\n<figure class=\"wp-block-image aligncenter size-large is-resized\"><img decoding=\"async\" src=\"https:\/\/www.mnemolia.com\/images\/66\/MADR-zGtOQM.webp\" alt=\"nido della capinera\" style=\"width:650px;height:auto\" title=\"\"><\/figure>\n\n\n\n<h2 class=\"wp-block-heading\" id=\"alimentazione-della-capinera\">Alimentazione della capinera<\/h2>\n\n\n\n<p><strong>La dieta<\/strong> della capinera varia a seconda della stagione. Durante il periodo dei nidi, predilige gli <strong>insetti<\/strong>, mentre in estate e autunno si nutre anche di bacche e <strong>frutti<\/strong> di piccole dimensioni.<\/p>\n\n\n\n<figure class=\"wp-block-image aligncenter size-large is-resized\"><img decoding=\"async\" src=\"https:\/\/www.mnemolia.com\/images\/66\/MAEEZtM--xU.webp\" alt=\"capinera che mangia bacche\" style=\"width:650px;height:auto\" title=\"\"><\/figure>\n\n\n\n<h2 class=\"wp-block-heading\" id=\"habitat-e-migrazione-della-capinera\">Habitat e migrazione della capinera<\/h2>\n\n\n\n<p><strong>La capinera<\/strong> abita in boschi, boschetti, siepi, parchi e giardini. Migratrice a breve o lunga distanza, trascorre l'inverno intorno al bacino del <strong>Mediterraneo<\/strong>. Negli ultimi anni, il comportamento migratorio \u00e8 cambiato: alcune capinere svernano sulla facciata atlantica dell'Europa, probabilmente a causa del <strong>riscaldamento climatico<\/strong> e del maggiore foraggiamento in inverno.<\/p>\n\n\n\n<figure class=\"wp-block-image aligncenter size-large is-resized\"><img decoding=\"async\" src=\"https:\/\/www.mnemolia.com\/images\/66\/MADV4h5e8tQ.webp\" alt=\"migrazione della capinera\" style=\"width:650px;height:auto\" title=\"\"><\/figure>\n","protected":false},"excerpt":{"rendered":"<p>Come riconoscere la capinera: caratteristiche fisiche La capinera \u00e8 facilmente riconoscibile grazie al suo piumaggio grigio e alla caratteristica cuffia nera sulla testa. Gli occhi sono di un nero intenso, mentre le zampe mostrano una tonalit\u00e0 grigio scuro. La parte superiore del corpo \u00e8 pi\u00f9 scura rispetto alla parte inferiore, creando un contrasto unico. Nella [&hellip;]<\/p>\n","protected":false},"author":1,"featured_media":1210,"comment_status":"closed","ping_status":"open","sticky":false,"template":"","format":"standard","meta":{"_et_pb_use_builder":"off","_et_pb_old_content":"","_et_gb_content_width":"","footnotes":""},"categories":[51],"tags":[],"class_list":["post-1438","post","type-post","status-publish","format-standard","has-post-thumbnail","hentry","category-uccelli","et-has-post-format-content","et_post_format-et-post-format-standard"],"_links":{"self":[{"href":"https:\/\/www.mnemolia.com\/stories\/wp-json\/wp\/v2\/posts\/1438"}],"collection":[{"href":"https:\/\/www.mnemolia.com\/stories\/wp-json\/wp\/v2\/posts"}],"about":[{"href":"https:\/\/www.mnemolia.com\/stories\/wp-json\/wp\/v2\/types\/post"}],"author":[{"embeddable":true,"href":"https:\/\/www.mnemolia.com\/stories\/wp-json\/wp\/v2\/users\/1"}],"replies":[{"embeddable":true,"href":"https:\/\/www.mnemolia.com\/stories\/wp-json\/wp\/v2\/comments?post=1438"}],"version-history":[{"count":1,"href":"https:\/\/www.mnemolia.com\/stories\/wp-json\/wp\/v2\/posts\/1438\/revisions"}],"predecessor-version":[{"id":1439,"href":"https:\/\/www.mnemolia.com\/stories\/wp-json\/wp\/v2\/posts\/1438\/revisions\/1439"}],"wp:featuredmedia":[{"embeddable":true,"href":"https:\/\/www.mnemolia.com\/stories\/wp-json\/wp\/v2\/media\/1210"}],"wp:attachment":[{"href":"https:\/\/www.mnemolia.com\/stories\/wp-json\/wp\/v2\/media?parent=1438"}],"wp:term":[{"taxonomy":"category","embeddable":true,"href":"https:\/\/www.mnemolia.com\/stories\/wp-json\/wp\/v2\/categories?post=1438"},{"taxonomy":"post_tag","embeddable":true,"href":"https:\/\/www.mnemolia.com\/stories\/wp-json\/wp\/v2\/tags?post=1438"}],"curies":[{"name":"wp","href":"https:\/\/api.w.org\/{rel}","templated":true}]}}