{"id":1436,"date":"2024-12-07T15:25:49","date_gmt":"2024-12-07T14:25:49","guid":{"rendered":"https:\/\/www.mnemolia.com\/stories\/?p=1436"},"modified":"2024-11-25T15:26:51","modified_gmt":"2024-11-25T14:26:51","slug":"curruca-capiro-aves","status":"publish","type":"post","link":"https:\/\/www.mnemolia.com\/stories\/es\/aves\/curruca-capiro-aves\/","title":{"rendered":"Caracter\u00edsticas de la curruca capirotada"},"content":{"rendered":"\n<div class=\"wp-block-rank-math-toc-block\" id=\"rank-math-toc\"><nav><ul><li class=\"\"><a href=\"#como-reconocer-a-la-curruca-capirotada\">C\u00f3mo reconocer a la curruca capirotada<\/a><\/li><li class=\"\"><a href=\"#comportamiento-de-la-curruca-capirotada\">Comportamiento de la curruca capirotada<\/a><\/li><li class=\"\"><a href=\"#el-canto-de-la-curruca-capirotada\">El canto de la curruca capirotada<\/a><\/li><li class=\"\"><a href=\"#reproduccion-de-la-curruca-capirotada\">Reproducci\u00f3n de la curruca capirotada<\/a><\/li><li class=\"\"><a href=\"#alimentacion-de-la-curruca-capirotada\">Alimentaci\u00f3n de la curruca capirotada<\/a><\/li><li class=\"\"><a href=\"#habitat-y-migracion-de-la-curruca-capirotada\">H\u00e1bitat y migraci\u00f3n de la curruca capirotada<\/a><\/li><\/ul><\/nav><\/div>\n\n\n\n<h2 class=\"wp-block-heading\" id=\"como-reconocer-a-la-curruca-capirotada\">C\u00f3mo reconocer a la curruca capirotada<\/h2>\n\n\n\n<p>La <strong>curruca capirotada<\/strong> se distingue f\u00e1cilmente por su <strong>plumaje gris<\/strong> y su caracter\u00edstico <strong>capirote negro<\/strong> en la cabeza. Sus <strong>ojos negros<\/strong> y patas de color gris oscuro complementan su aspecto elegante. La parte superior de su cuerpo es notablemente m\u00e1s oscura que la parte inferior, lo que le da un aspecto contrastado y distintivo. En el caso de las hembras, el capirote tiene un tono <strong>rojizo<\/strong>. Con un tama\u00f1o similar al de un gorri\u00f3n, es una de las aves m\u00e1s reconocibles de su entorno.<\/p>\n\n\n\n<figure class=\"wp-block-image aligncenter size-large is-resized\"><img decoding=\"async\" src=\"https:\/\/www.mnemolia.com\/images\/66\/MADnWGRk7_A.webp\" alt=\"curruca capirotada\" style=\"width:650px;height:auto\" title=\"\"><\/figure>\n\n\n\n<h2 class=\"wp-block-heading\" id=\"comportamiento-de-la-curruca-capirotada\">Comportamiento de la curruca capirotada<\/h2>\n\n\n\n<p>La curruca capirotada suele permanecer <strong>escondida<\/strong> entre los arbustos, lo que puede dificultar su observaci\u00f3n directa. Sin embargo, es conocida por su <strong>canto sonoro y melodioso<\/strong>, que delata su presencia incluso cuando no es visible. Su comportamiento reservado pero vocal es una de sus caracter\u00edsticas m\u00e1s destacadas.<\/p>\n\n\n\n<figure class=\"wp-block-image aligncenter size-large is-resized\"><img decoding=\"async\" src=\"https:\/\/www.mnemolia.com\/images\/66\/MADrEhesKLI.webp\" alt=\"curruca en arbusto\" style=\"width:650px;height:auto\" title=\"\"><\/figure>\n\n\n\n<h2 class=\"wp-block-heading\" id=\"el-canto-de-la-curruca-capirotada\">El canto de la curruca capirotada<\/h2>\n\n\n\n<p>El canto de la curruca capirotada es <strong>potente, aflautado y parlanch\u00edn<\/strong>. Adem\u00e1s, emite llamadas caracter\u00edsticas en forma de <strong>\"tac tac\"<\/strong>, que son f\u00e1ciles de identificar para los observadores experimentados. Este canto variado y distintivo es una de las razones por las que los ornit\u00f3logos y aficionados disfrutan estudiarla.<\/p>\n\n\n\n<figure class=\"wp-block-image aligncenter size-large is-resized\"><img decoding=\"async\" src=\"https:\/\/www.mnemolia.com\/images\/66\/MADBZtZ_014.webp\" alt=\"curruca cantando\" style=\"width:650px;height:auto\" title=\"\"><\/figure>\n\n\n\n<h2 class=\"wp-block-heading\" id=\"reproduccion-de-la-curruca-capirotada\">Reproducci\u00f3n de la curruca capirotada<\/h2>\n\n\n\n<p>La curruca capirotada reproduce entre abril y agosto, con una o dos nidadas por a\u00f1o. Cada nidada suele contener de <strong>3 a 6 huevos<\/strong>, que son de color pardusco y presentan manchas marrones o jaspeadas. Construyen sus nidos en forma de <strong>copa<\/strong> con ramitas y hierba, generalmente ubicados en \u00e1rboles o arbustos.<\/p>\n\n\n\n<figure class=\"wp-block-image aligncenter size-large is-resized\"><img decoding=\"async\" src=\"https:\/\/www.mnemolia.com\/images\/66\/MADR-zGtOQM.webp\" alt=\"nido de curruca\" style=\"width:650px;height:auto\" title=\"\"><\/figure>\n\n\n\n<h2 class=\"wp-block-heading\" id=\"alimentacion-de-la-curruca-capirotada\">Alimentaci\u00f3n de la curruca capirotada<\/h2>\n\n\n\n<p>Durante la <strong>temporada de nidos<\/strong>, la curruca capirotada se alimenta principalmente de <strong>insectos<\/strong>, lo que asegura el alimento necesario para sus cr\u00edas. En verano y oto\u00f1o, su dieta se ampl\u00eda para incluir <strong>bayas y peque\u00f1os frutos<\/strong>, adapt\u00e1ndose a la disponibilidad estacional de recursos.<\/p>\n\n\n\n<figure class=\"wp-block-image aligncenter size-large is-resized\"><img decoding=\"async\" src=\"https:\/\/www.mnemolia.com\/images\/66\/MAEEZtM--xU.webp\" alt=\"curruca aliment\u00e1ndose\" style=\"width:650px;height:auto\" title=\"\"><\/figure>\n\n\n\n<h2 class=\"wp-block-heading\" id=\"habitat-y-migracion-de-la-curruca-capirotada\">H\u00e1bitat y migraci\u00f3n de la curruca capirotada<\/h2>\n\n\n\n<p>La curruca capirotada habita en <strong>bosques, matorrales, setos, parques y jardines<\/strong>. Aunque tradicionalmente migraba hacia la cuenca mediterr\u00e1nea para pasar el invierno, su comportamiento migratorio ha cambiado recientemente. Ahora tambi\u00e9n se puede encontrar en la <strong>fachada atl\u00e1ntica de Europa<\/strong>, un cambio que podr\u00eda estar relacionado con el <strong>calentamiento global<\/strong> y la pr\u00e1ctica de alimentar aves durante el invierno.<\/p>\n\n\n\n<figure class=\"wp-block-image aligncenter size-large is-resized\"><img decoding=\"async\" src=\"https:\/\/www.mnemolia.com\/images\/66\/MADV4r8xPrA.webp\" alt=\"curruca en migraci\u00f3n\" style=\"width:650px;height:auto\" title=\"\"><\/figure>\n","protected":false},"excerpt":{"rendered":"<p>C\u00f3mo reconocer a la curruca capirotada La curruca capirotada se distingue f\u00e1cilmente por su plumaje gris y su caracter\u00edstico capirote negro en la cabeza. Sus ojos negros y patas de color gris oscuro complementan su aspecto elegante. La parte superior de su cuerpo es notablemente m\u00e1s oscura que la parte inferior, lo que le da [&hellip;]<\/p>\n","protected":false},"author":1,"featured_media":1210,"comment_status":"closed","ping_status":"open","sticky":false,"template":"","format":"standard","meta":{"_et_pb_use_builder":"off","_et_pb_old_content":"","_et_gb_content_width":"","footnotes":""},"categories":[49],"tags":[],"class_list":["post-1436","post","type-post","status-publish","format-standard","has-post-thumbnail","hentry","category-aves","et-has-post-format-content","et_post_format-et-post-format-standard"],"_links":{"self":[{"href":"https:\/\/www.mnemolia.com\/stories\/wp-json\/wp\/v2\/posts\/1436"}],"collection":[{"href":"https:\/\/www.mnemolia.com\/stories\/wp-json\/wp\/v2\/posts"}],"about":[{"href":"https:\/\/www.mnemolia.com\/stories\/wp-json\/wp\/v2\/types\/post"}],"author":[{"embeddable":true,"href":"https:\/\/www.mnemolia.com\/stories\/wp-json\/wp\/v2\/users\/1"}],"replies":[{"embeddable":true,"href":"https:\/\/www.mnemolia.com\/stories\/wp-json\/wp\/v2\/comments?post=1436"}],"version-history":[{"count":1,"href":"https:\/\/www.mnemolia.com\/stories\/wp-json\/wp\/v2\/posts\/1436\/revisions"}],"predecessor-version":[{"id":1437,"href":"https:\/\/www.mnemolia.com\/stories\/wp-json\/wp\/v2\/posts\/1436\/revisions\/1437"}],"wp:featuredmedia":[{"embeddable":true,"href":"https:\/\/www.mnemolia.com\/stories\/wp-json\/wp\/v2\/media\/1210"}],"wp:attachment":[{"href":"https:\/\/www.mnemolia.com\/stories\/wp-json\/wp\/v2\/media?parent=1436"}],"wp:term":[{"taxonomy":"category","embeddable":true,"href":"https:\/\/www.mnemolia.com\/stories\/wp-json\/wp\/v2\/categories?post=1436"},{"taxonomy":"post_tag","embeddable":true,"href":"https:\/\/www.mnemolia.com\/stories\/wp-json\/wp\/v2\/tags?post=1436"}],"curies":[{"name":"wp","href":"https:\/\/api.w.org\/{rel}","templated":true}]}}