{"id":1434,"date":"2024-12-07T15:23:38","date_gmt":"2024-12-07T14:23:38","guid":{"rendered":"https:\/\/www.mnemolia.com\/stories\/?p=1434"},"modified":"2024-11-25T15:25:40","modified_gmt":"2024-11-25T14:25:40","slug":"moenchsgrasmuecke","status":"publish","type":"post","link":"https:\/\/www.mnemolia.com\/stories\/de\/vogel\/moenchsgrasmuecke\/","title":{"rendered":"Alles \u00fcber die M\u00f6nchsgrasm\u00fccke: Aussehen, Gesang und Lebensraum"},"content":{"rendered":"\n<div class=\"wp-block-rank-math-toc-block\" id=\"rank-math-toc\"><nav><ul><li class=\"\"><a href=\"#aussehen-der-monchsgrasmucke\">Aussehen der M\u00f6nchsgrasm\u00fccke<\/a><\/li><li class=\"\"><a href=\"#verhalten-der-monchsgrasmucke\">Verhalten der M\u00f6nchsgrasm\u00fccke<\/a><\/li><li class=\"\"><a href=\"#gesang-und-rufe-der-monchsgrasmucke\">Gesang und Rufe der M\u00f6nchsgrasm\u00fccke<\/a><\/li><li class=\"\"><a href=\"#fortpflanzung-der-monchsgrasmucke\">Fortpflanzung der M\u00f6nchsgrasm\u00fccke<\/a><\/li><li class=\"\"><a href=\"#nahrung-der-monchsgrasmucke\">Nahrung der M\u00f6nchsgrasm\u00fccke<\/a><\/li><li class=\"\"><a href=\"#lebensraum-und-zugverhalten-der-monchsgrasmucke\">Lebensraum und Zugverhalten der M\u00f6nchsgrasm\u00fccke<\/a><\/li><\/ul><\/nav><\/div>\n\n\n\n<h2 class=\"wp-block-heading\" id=\"aussehen-der-monchsgrasmucke\">Aussehen der M\u00f6nchsgrasm\u00fccke<\/h2>\n\n\n\n<p>Die <strong>M\u00f6nchsgrasm\u00fccke<\/strong> erkennt man an ihrem grauen Gefieder und der charakteristischen schwarzen Kappe auf dem Kopf. Ihre <strong>Augen<\/strong> sind tiefschwarz, und ihre <strong>Beine<\/strong> haben eine dunkelgraue F\u00e4rbung. Die Oberseite ihres K\u00f6rpers ist dunkler als die Unterseite. Beim Weibchen unterscheidet sich die Kappe durch ihre rotbraune Farbe. Mit einer Gr\u00f6\u00dfe \u00e4hnlich der eines Sperlings ist die M\u00f6nchsgrasm\u00fccke leicht zu identifizieren.<\/p>\n\n\n\n<figure class=\"wp-block-image aligncenter size-large is-resized\"><img decoding=\"async\" src=\"https:\/\/www.mnemolia.com\/images\/66\/MADnWGRk7_A.webp\" alt=\"M\u00f6nchsgrasm\u00fccke mit schwarzer Kappe\" style=\"width:650px;height:auto\" title=\"\"><\/figure>\n\n\n\n<h2 class=\"wp-block-heading\" id=\"verhalten-der-monchsgrasmucke\">Verhalten der M\u00f6nchsgrasm\u00fccke<\/h2>\n\n\n\n<p>Die <strong>M\u00f6nchsgrasm\u00fccke<\/strong> ist oft in dichten Str\u00e4uchern versteckt, wo sie nur schwer zu entdecken ist. Auff\u00e4llig wird sie vor allem durch ihren <strong>klangvollen und melodischen Gesang<\/strong>, der sie von anderen V\u00f6geln unterscheidet.<\/p>\n\n\n\n<figure class=\"wp-block-image aligncenter size-large is-resized\"><img decoding=\"async\" src=\"https:\/\/www.mnemolia.com\/images\/66\/MADrEhesKLI.webp\" alt=\"M\u00f6nchsgrasm\u00fccke in Str\u00e4uchern versteckt\" style=\"width:650px;height:auto\" title=\"\"><\/figure>\n\n\n\n<h2 class=\"wp-block-heading\" id=\"gesang-und-rufe-der-monchsgrasmucke\">Gesang und Rufe der M\u00f6nchsgrasm\u00fccke<\/h2>\n\n\n\n<p>Der <strong>Gesang<\/strong> der M\u00f6nchsgrasm\u00fccke ist kraftvoll, fl\u00f6tend und geschw\u00e4tzig. Zus\u00e4tzlich st\u00f6\u00dft sie kurze, wiederholte Rufe aus, die wie \u201e<strong>tac tac<\/strong>\u201c klingen. Diese Laute sind charakteristisch und machen sie auch f\u00fcr unge\u00fcbte Vogelbeobachter leicht erkennbar.<\/p>\n\n\n\n<figure class=\"wp-block-image aligncenter size-large is-resized\"><img decoding=\"async\" src=\"https:\/\/www.mnemolia.com\/images\/66\/MADBZtZ_014.webp\" alt=\"M\u00f6nchsgrasm\u00fccke beim Singen\" style=\"width:650px;height:auto\" title=\"\"><\/figure>\n\n\n\n<h2 class=\"wp-block-heading\" id=\"fortpflanzung-der-monchsgrasmucke\">Fortpflanzung der M\u00f6nchsgrasm\u00fccke<\/h2>\n\n\n\n<p>Die <strong>Brutzeit<\/strong> der M\u00f6nchsgrasm\u00fccke dauert von April bis August. Pro Jahr legt sie ein bis zwei Gelege mit drei bis sechs braunen, gesprenkelten Eiern. Das <strong>Nest<\/strong> ist eine Schale aus Zweigen und Gras, die in B\u00e4umen oder Str\u00e4uchern gebaut wird.<\/p>\n\n\n\n<figure class=\"wp-block-image aligncenter size-large is-resized\"><img decoding=\"async\" src=\"https:\/\/www.mnemolia.com\/images\/66\/MADAq4dM3gQ.webp\" alt=\"Nest der M\u00f6nchsgrasm\u00fccke mit Eiern\" style=\"width:650px;height:auto\" title=\"\"><\/figure>\n\n\n\n<h2 class=\"wp-block-heading\" id=\"nahrung-der-monchsgrasmucke\">Nahrung der M\u00f6nchsgrasm\u00fccke<\/h2>\n\n\n\n<p>W\u00e4hrend der <strong>Brutzeit<\/strong> ern\u00e4hrt sich die M\u00f6nchsgrasm\u00fccke haupts\u00e4chlich von Insekten, die sie geschickt in ihrem Lebensraum f\u00e4ngt. Im Sommer und Herbst erweitert sie ihre Nahrung um <strong>Beeren und kleine Fr\u00fcchte<\/strong>, die sie besonders liebt.<\/p>\n\n\n\n<figure class=\"wp-block-image aligncenter size-large is-resized\"><img decoding=\"async\" src=\"https:\/\/www.mnemolia.com\/images\/66\/MAEEZtM--xU.webp\" alt=\"M\u00f6nchsgrasm\u00fccke frisst Beeren\" style=\"width:650px;height:auto\" title=\"\"><\/figure>\n\n\n\n<h2 class=\"wp-block-heading\" id=\"lebensraum-und-zugverhalten-der-monchsgrasmucke\">Lebensraum und Zugverhalten der M\u00f6nchsgrasm\u00fccke<\/h2>\n\n\n\n<p>Die <strong>M\u00f6nchsgrasm\u00fccke<\/strong> findet man in W\u00e4ldern, Hecken, Parks und G\u00e4rten. Sie ist ein Kurz- bis Langstreckenzieher, der den Winter im Mittelmeerraum verbringt. Doch in den letzten Jahren hat sie begonnen, auch an der <strong>atlantischen K\u00fcste Europas<\/strong> zu \u00fcberwintern. Dieses ver\u00e4nderte Zugverhalten wird auf den <strong>Klimawandel<\/strong> und die Winterf\u00fctterung der V\u00f6gel zur\u00fcckgef\u00fchrt.<\/p>\n\n\n\n<figure class=\"wp-block-image aligncenter size-large is-resized\"><img decoding=\"async\" src=\"https:\/\/www.mnemolia.com\/images\/66\/MADV4r8xPrA.webp\" alt=\"M\u00f6nchsgrasm\u00fccke im Winterquartier\" style=\"width:650px;height:auto\" title=\"\"><\/figure>\n","protected":false},"excerpt":{"rendered":"<p>Aussehen der M\u00f6nchsgrasm\u00fccke Die M\u00f6nchsgrasm\u00fccke erkennt man an ihrem grauen Gefieder und der charakteristischen schwarzen Kappe auf dem Kopf. Ihre Augen sind tiefschwarz, und ihre Beine haben eine dunkelgraue F\u00e4rbung. Die Oberseite ihres K\u00f6rpers ist dunkler als die Unterseite. Beim Weibchen unterscheidet sich die Kappe durch ihre rotbraune Farbe. Mit einer Gr\u00f6\u00dfe \u00e4hnlich der eines [&hellip;]<\/p>\n","protected":false},"author":1,"featured_media":1210,"comment_status":"closed","ping_status":"open","sticky":false,"template":"","format":"standard","meta":{"_et_pb_use_builder":"off","_et_pb_old_content":"","_et_gb_content_width":"","footnotes":""},"categories":[45],"tags":[],"class_list":["post-1434","post","type-post","status-publish","format-standard","has-post-thumbnail","hentry","category-vogel","et-has-post-format-content","et_post_format-et-post-format-standard"],"_links":{"self":[{"href":"https:\/\/www.mnemolia.com\/stories\/wp-json\/wp\/v2\/posts\/1434"}],"collection":[{"href":"https:\/\/www.mnemolia.com\/stories\/wp-json\/wp\/v2\/posts"}],"about":[{"href":"https:\/\/www.mnemolia.com\/stories\/wp-json\/wp\/v2\/types\/post"}],"author":[{"embeddable":true,"href":"https:\/\/www.mnemolia.com\/stories\/wp-json\/wp\/v2\/users\/1"}],"replies":[{"embeddable":true,"href":"https:\/\/www.mnemolia.com\/stories\/wp-json\/wp\/v2\/comments?post=1434"}],"version-history":[{"count":1,"href":"https:\/\/www.mnemolia.com\/stories\/wp-json\/wp\/v2\/posts\/1434\/revisions"}],"predecessor-version":[{"id":1435,"href":"https:\/\/www.mnemolia.com\/stories\/wp-json\/wp\/v2\/posts\/1434\/revisions\/1435"}],"wp:featuredmedia":[{"embeddable":true,"href":"https:\/\/www.mnemolia.com\/stories\/wp-json\/wp\/v2\/media\/1210"}],"wp:attachment":[{"href":"https:\/\/www.mnemolia.com\/stories\/wp-json\/wp\/v2\/media?parent=1434"}],"wp:term":[{"taxonomy":"category","embeddable":true,"href":"https:\/\/www.mnemolia.com\/stories\/wp-json\/wp\/v2\/categories?post=1434"},{"taxonomy":"post_tag","embeddable":true,"href":"https:\/\/www.mnemolia.com\/stories\/wp-json\/wp\/v2\/tags?post=1434"}],"curies":[{"name":"wp","href":"https:\/\/api.w.org\/{rel}","templated":true}]}}