{"id":1426,"date":"2024-12-06T15:15:40","date_gmt":"2024-12-06T14:15:40","guid":{"rendered":"https:\/\/www.mnemolia.com\/stories\/?p=1426"},"modified":"2024-11-25T15:16:37","modified_gmt":"2024-11-25T14:16:37","slug":"curruca-mosquitera","status":"publish","type":"post","link":"https:\/\/www.mnemolia.com\/stories\/es\/aves\/curruca-mosquitera\/","title":{"rendered":"Caracter\u00edsticas y h\u00e1bitat de la curruca mosquitera"},"content":{"rendered":"\n<div class=\"wp-block-rank-math-toc-block\" id=\"rank-math-toc\"><nav><ul><li class=\"\"><a href=\"#caracteristicas-de-la-curruca-mosquitera\">Caracter\u00edsticas de la curruca mosquitera<\/a><\/li><li class=\"\"><a href=\"#comportamiento-de-la-curruca-mosquitera\">Comportamiento de la curruca mosquitera<\/a><\/li><li class=\"\"><a href=\"#el-canto-de-la-curruca-mosquitera\">El canto de la curruca mosquitera<\/a><\/li><li class=\"\"><a href=\"#reproduccion-de-la-curruca-mosquitera\">Reproducci\u00f3n de la curruca mosquitera<\/a><\/li><li class=\"\"><a href=\"#alimentacion-de-la-curruca-mosquitera\">Alimentaci\u00f3n de la curruca mosquitera<\/a><\/li><li class=\"\"><a href=\"#habitat-y-distribucion\">H\u00e1bitat y distribuci\u00f3n<\/a><\/li><\/ul><\/nav><\/div>\n\n\n\n<h2 class=\"wp-block-heading\" id=\"caracteristicas-de-la-curruca-mosquitera\">Caracter\u00edsticas de la curruca mosquitera<\/h2>\n\n\n\n<p>La <strong>curruca mosquitera<\/strong> presenta un plumaje gris-marr\u00f3n, con la parte superior m\u00e1s oscura y la inferior m\u00e1s clara. Este contraste sutil la hace menos visible en su entorno natural. Adem\u00e1s, destaca una discreta <strong>l\u00ednea gris<\/strong> en la nuca, un detalle que ayuda en su identificaci\u00f3n. Sus <strong>ojos negros<\/strong> est\u00e1n rodeados por un c\u00edrculo ocular claro, que a veces parece una ceja delicada. Finalmente, su pico es <strong>fino y puntiagudo<\/strong>, ideal para su dieta insect\u00edvora.<\/p>\n\n\n\n<figure class=\"wp-block-image aligncenter size-large is-resized\"><img decoding=\"async\" src=\"https:\/\/www.mnemolia.com\/images\/66\/MAEEOqxyBU0.webp\" alt=\"curruca mosquitera plumaje\" style=\"width:650px;height:auto\" title=\"\"><\/figure>\n\n\n\n<h2 class=\"wp-block-heading\" id=\"comportamiento-de-la-curruca-mosquitera\">Comportamiento de la curruca mosquitera<\/h2>\n\n\n\n<p>La curruca mosquitera es un ave <strong>discreta y furtiva<\/strong>, lo que le permite pasar desapercibida en su h\u00e1bitat. Se esconde entre los arbustos y, aunque se muestra rara vez, delata su presencia por su <strong>canto caracter\u00edstico<\/strong>. Prefiere los espacios poco cuidados y naturales, lo que la hace menos com\u00fan en jardines ordenados.<\/p>\n\n\n\n<figure class=\"wp-block-image aligncenter size-large is-resized\"><img decoding=\"async\" src=\"https:\/\/www.mnemolia.com\/images\/66\/MAD31iYG7dk.webp\" alt=\"curruca mosquitera comportamiento\" style=\"width:650px;height:auto\" title=\"\"><\/figure>\n\n\n\n<h2 class=\"wp-block-heading\" id=\"el-canto-de-la-curruca-mosquitera\">El canto de la curruca mosquitera<\/h2>\n\n\n\n<p>El canto de la curruca mosquitera es un <strong>gorjeo r\u00e1pido<\/strong>, prolongado y uniforme, que resulta inconfundible para los observadores de aves. A menudo, el macho canta sin parar durante un minuto, mostrando su energ\u00eda y vitalidad. Tambi\u00e9n puede emitir <strong>gritos roncos<\/strong>, como un \"krr-krr-krr\", que var\u00eda dependiendo de la situaci\u00f3n.<\/p>\n\n\n\n<figure class=\"wp-block-image aligncenter size-large is-resized\"><img decoding=\"async\" src=\"https:\/\/www.mnemolia.com\/images\/66\/MAC_-S4Qspc.webp\" alt=\"canto de la curruca mosquitera\" style=\"width:650px;height:auto\" title=\"\"><\/figure>\n\n\n\n<h2 class=\"wp-block-heading\" id=\"reproduccion-de-la-curruca-mosquitera\">Reproducci\u00f3n de la curruca mosquitera<\/h2>\n\n\n\n<p>El per\u00edodo de reproducci\u00f3n de esta ave se extiende de <strong>abril a agosto<\/strong>. La curruca mosquitera realiza 1 o 2 nidadas por a\u00f1o, con 4 a 6 <strong>huevos blancos moteados<\/strong> de gris-marr\u00f3n. Su nido, una copa suelta hecha de ramitas, se ubica en arbustos cercanos al suelo, lo que proporciona protecci\u00f3n frente a depredadores.<\/p>\n\n\n\n<figure class=\"wp-block-image aligncenter size-large is-resized\"><img decoding=\"async\" src=\"https:\/\/www.mnemolia.com\/images\/66\/MAC5yUCFTlQ.webp\" alt=\"nido de curruca mosquitera\" style=\"width:650px;height:auto\" title=\"\"><\/figure>\n\n\n\n<h2 class=\"wp-block-heading\" id=\"alimentacion-de-la-curruca-mosquitera\">Alimentaci\u00f3n de la curruca mosquitera<\/h2>\n\n\n\n<p>Principalmente <strong>insect\u00edvora<\/strong>, la curruca mosquitera incluye en su dieta insectos peque\u00f1os y, ocasionalmente, bayas. En oto\u00f1o, puede acercarse a jardines en busca de <strong>fuentes de grasa<\/strong> para prepararse para la migraci\u00f3n. Esto la convierte en un ave estacionalmente presente en ciertas \u00e1reas urbanas.<\/p>\n\n\n\n<figure class=\"wp-block-image aligncenter size-large is-resized\"><img decoding=\"async\" src=\"https:\/\/www.mnemolia.com\/images\/66\/whoAmI_Garden%20warbler-146.webp\" alt=\"curruca mosquitera comiendo bayas\" style=\"width:650px;height:auto\" title=\"\"><\/figure>\n\n\n\n<h2 class=\"wp-block-heading\" id=\"habitat-y-distribucion\">H\u00e1bitat y distribuci\u00f3n<\/h2>\n\n\n\n<p>La curruca mosquitera habita en <strong>claros de bosques<\/strong>, parques y jardines espesos. Es una especie <strong>migratoria de larga distancia<\/strong>, viajando entre sus \u00e1reas de reproducci\u00f3n y sus zonas de invernada. Su preferencia por espacios naturales la hace m\u00e1s com\u00fan en ambientes rurales que en zonas urbanas.<\/p>\n\n\n\n<figure class=\"wp-block-image aligncenter size-large is-resized\"><img decoding=\"async\" src=\"https:\/\/www.mnemolia.com\/images\/66\/whoAmI_Garden%20warbler-147.webp\" alt=\"curruca mosquitera en su h\u00e1bitat\" style=\"width:650px;height:auto\" title=\"\"><\/figure>\n","protected":false},"excerpt":{"rendered":"<p>Caracter\u00edsticas de la curruca mosquitera La curruca mosquitera presenta un plumaje gris-marr\u00f3n, con la parte superior m\u00e1s oscura y la inferior m\u00e1s clara. Este contraste sutil la hace menos visible en su entorno natural. Adem\u00e1s, destaca una discreta l\u00ednea gris en la nuca, un detalle que ayuda en su identificaci\u00f3n. Sus ojos negros est\u00e1n rodeados [&hellip;]<\/p>\n","protected":false},"author":1,"featured_media":1209,"comment_status":"closed","ping_status":"open","sticky":false,"template":"","format":"standard","meta":{"_et_pb_use_builder":"off","_et_pb_old_content":"","_et_gb_content_width":"","footnotes":""},"categories":[49],"tags":[],"class_list":["post-1426","post","type-post","status-publish","format-standard","has-post-thumbnail","hentry","category-aves","et-has-post-format-content","et_post_format-et-post-format-standard"],"_links":{"self":[{"href":"https:\/\/www.mnemolia.com\/stories\/wp-json\/wp\/v2\/posts\/1426"}],"collection":[{"href":"https:\/\/www.mnemolia.com\/stories\/wp-json\/wp\/v2\/posts"}],"about":[{"href":"https:\/\/www.mnemolia.com\/stories\/wp-json\/wp\/v2\/types\/post"}],"author":[{"embeddable":true,"href":"https:\/\/www.mnemolia.com\/stories\/wp-json\/wp\/v2\/users\/1"}],"replies":[{"embeddable":true,"href":"https:\/\/www.mnemolia.com\/stories\/wp-json\/wp\/v2\/comments?post=1426"}],"version-history":[{"count":1,"href":"https:\/\/www.mnemolia.com\/stories\/wp-json\/wp\/v2\/posts\/1426\/revisions"}],"predecessor-version":[{"id":1427,"href":"https:\/\/www.mnemolia.com\/stories\/wp-json\/wp\/v2\/posts\/1426\/revisions\/1427"}],"wp:featuredmedia":[{"embeddable":true,"href":"https:\/\/www.mnemolia.com\/stories\/wp-json\/wp\/v2\/media\/1209"}],"wp:attachment":[{"href":"https:\/\/www.mnemolia.com\/stories\/wp-json\/wp\/v2\/media?parent=1426"}],"wp:term":[{"taxonomy":"category","embeddable":true,"href":"https:\/\/www.mnemolia.com\/stories\/wp-json\/wp\/v2\/categories?post=1426"},{"taxonomy":"post_tag","embeddable":true,"href":"https:\/\/www.mnemolia.com\/stories\/wp-json\/wp\/v2\/tags?post=1426"}],"curies":[{"name":"wp","href":"https:\/\/api.w.org\/{rel}","templated":true}]}}