{"id":1408,"date":"2024-11-25T11:47:07","date_gmt":"2024-11-25T10:47:07","guid":{"rendered":"https:\/\/www.mnemolia.com\/stories\/?p=1408"},"modified":"2024-11-25T11:47:10","modified_gmt":"2024-11-25T10:47:10","slug":"guepier-europe","status":"publish","type":"post","link":"https:\/\/www.mnemolia.com\/stories\/ornitho\/guepier-europe\/","title":{"rendered":"Tout savoir sur le gu\u00eapier d'Europe"},"content":{"rendered":"\n<div class=\"wp-block-rank-math-toc-block\" id=\"rank-math-toc\"><nav><ul><li class=\"\"><a href=\"#a-quoi-ressemble-le-guepier-d-europe\">\u00c0 quoi ressemble le gu\u00eapier d'Europe ?<\/a><\/li><li class=\"\"><a href=\"#le-comportement-fascinant-du-guepier-d-europe\">Le comportement fascinant du gu\u00eapier d'Europe<\/a><\/li><li class=\"\"><a href=\"#chants-et-cris-caracteristiques\">Chants et cris caract\u00e9ristiques<\/a><\/li><li class=\"\"><a href=\"#reproduction-un-terrier-pour-nid\">Reproduction : un terrier pour nid<\/a><\/li><li class=\"\"><a href=\"#regime-alimentaire-un-chasseur-dinsectes\">R\u00e9gime alimentaire : un chasseur d'insectes<\/a><\/li><li class=\"\"><a href=\"#habitat-et-migration\">Habitat et migration<\/a><\/li><\/ul><\/nav><\/div>\n\n\n\n<h2 class=\"wp-block-heading\" id=\"a-quoi-ressemble-le-guepier-d-europe\">\u00c0 quoi ressemble le gu\u00eapier d'Europe ?<\/h2>\n\n\n\n<p><strong>Le Gu\u00eapier d'Europe<\/strong> est un oiseau de la taille d'un merle. Il se distingue par son <strong>plumage bariol\u00e9<\/strong>, une v\u00e9ritable explosion de couleurs. Sa calotte est brune, tandis que sa bavette jaune est bord\u00e9e d\u2019un collier noir. Un bandeau noir traverse ses yeux, ajoutant \u00e0 son apparence saisissante.<\/p>\n\n\n\n<figure class=\"wp-block-image aligncenter size-large is-resized\"><img decoding=\"async\" src=\"https:\/\/www.mnemolia.com\/images\/66\/MAC5KtILIxc.webp\" alt=\"Le Gu\u00eapier d&#039;Europe, un oiseau color\u00e9\" style=\"width:650px;height:auto\" title=\"\"><\/figure>\n\n\n\n<p>Le dos du gu\u00eapier affiche un <strong>d\u00e9grad\u00e9 brun-roux<\/strong> \u00e0 jaune paille, tandis que son ventre arbore des teintes bleu-vert \u00e0 bleu-turquoise. Ses ailes, bleu-vert \u00e9galement, se terminent par des pointes noires. Sa queue, vert sombre, est orn\u00e9e de deux longues pointes effil\u00e9es. Enfin, son bec noir et arqu\u00e9 lui conf\u00e8re une allure unique. Les juv\u00e9niles, quant \u00e0 eux, pr\u00e9sentent davantage de vert p\u00e2le que de brun-roux.<\/p>\n\n\n\n<figure class=\"wp-block-image aligncenter size-large is-resized\"><img decoding=\"async\" src=\"https:\/\/www.mnemolia.com\/images\/66\/MAEI3i0bndI.webp\" alt=\"D\u00e9tails du plumage du gu\u00eapier d&#039;Europe\" style=\"width:650px;height:auto\" title=\"\"><\/figure>\n\n\n\n<h2 class=\"wp-block-heading\" id=\"le-comportement-fascinant-du-guepier-d-europe\">Le comportement fascinant du gu\u00eapier d'Europe<\/h2>\n\n\n\n<p><strong>Le Gu\u00eapier d'Europe<\/strong> est souvent observ\u00e9 perch\u00e9 ou en vol. Lorsqu'il chasse, son vol acrobatique rappelle celui de l\u2019hirondelle, alternant entre des plan\u00e9s aux ailes raides et des battements rapides. Tr\u00e8s sociable, il <strong>vit en groupe<\/strong> et niche en colonie, accentuant l'aspect communautaire de son mode de vie. La nuit, il trouve refuge dans les grands arbres.<\/p>\n\n\n\n<figure class=\"wp-block-image aligncenter size-large is-resized\"><img decoding=\"async\" src=\"https:\/\/www.mnemolia.com\/images\/66\/MAEJC-MopQo.webp\" alt=\"Gu\u00eapier perch\u00e9\" style=\"width:650px;height:auto\" title=\"\"><\/figure>\n\n\n\n<h2 class=\"wp-block-heading\" id=\"chants-et-cris-caracteristiques\">Chants et cris caract\u00e9ristiques<\/h2>\n\n\n\n<p>Les <strong>cris du Gu\u00eapier d'Europe<\/strong> sont distinctifs. En vol, il \u00e9met des sons roul\u00e9s comme \"prrut\", doux mais \u00e9nergiques, qui peuvent \u00eatre entendus de loin. Lorsqu'il est d\u00e9rang\u00e9, notamment pr\u00e8s de son nid, il pousse un bref \"vut\" avertisseur. Ces vocalisations jouent un r\u00f4le cl\u00e9 dans la communication au sein des groupes.<\/p>\n\n\n\n<figure class=\"wp-block-image aligncenter size-large is-resized\"><img decoding=\"async\" src=\"https:\/\/www.mnemolia.com\/images\/66\/MAEE6aMtw1w.webp\" alt=\"Chant du gu\u00eapier d&#039;Europe\" style=\"width:650px;height:auto\" title=\"\"><\/figure>\n\n\n\n<h2 class=\"wp-block-heading\" id=\"reproduction-un-terrier-pour-nid\">Reproduction : un terrier pour nid<\/h2>\n\n\n\n<p>Entre mai et ao\u00fbt, le Gu\u00eapier d'Europe pond 4 \u00e0 8 \u0153ufs blancs, une fois par an. Son nid, un terrier creus\u00e9 dans une berge sablonneuse ou une paroi, est r\u00e9alis\u00e9 gr\u00e2ce \u00e0 son <strong>bec incurv\u00e9<\/strong>, utilis\u00e9 comme pioche. Lors de la parade nuptiale, le m\u00e2le s\u00e9duit la femelle en capturant une proie qu\u2019il lui offre, un comportement \u00e0 la fois romantique et pratique.<\/p>\n\n\n\n<figure class=\"wp-block-image aligncenter size-large is-resized\"><img decoding=\"async\" src=\"https:\/\/www.mnemolia.com\/images\/66\/MAETFZy04e8.webp\" alt=\"Terrier du gu\u00eapier d&#039;Europe\" style=\"width:650px;height:auto\" title=\"\"><\/figure>\n\n\n\n<h2 class=\"wp-block-heading\" id=\"regime-alimentaire-un-chasseur-dinsectes\">R\u00e9gime alimentaire : un chasseur d'insectes<\/h2>\n\n\n\n<p><strong>Le Gu\u00eapier d'Europe<\/strong> se nourrit principalement d\u2019insectes tels que gu\u00eapes, abeilles, et frelons, mais aussi de mouches, libellules et papillons. Gr\u00e2ce \u00e0 son <strong>bec incurv\u00e9<\/strong>, il attrape ses proies en plein vol. Avant de consommer des insectes venimeux, il les frappe contre un support pour retirer leur dard. Cet oiseau est m\u00eame partiellement immunis\u00e9 contre le venin, capable de survivre \u00e0 plusieurs piq\u00fbres successives.<\/p>\n\n\n\n<figure class=\"wp-block-image aligncenter size-large is-resized\"><img decoding=\"async\" src=\"https:\/\/www.mnemolia.com\/images\/66\/MADAj9QiTjw.webp\" alt=\"Gu\u00eapier d&#039;Europe attrapant un insecte\" style=\"width:650px;height:auto\" title=\"\"><\/figure>\n\n\n\n<h2 class=\"wp-block-heading\" id=\"habitat-et-migration\">Habitat et migration<\/h2>\n\n\n\n<p>On trouve le Gu\u00eapier d'Europe dans des <strong>milieux ouverts<\/strong> et ensoleill\u00e9s comme les prairies, haies, et buissons. Migrateur de longue distance, il revient en Europe \u00e0 partir d\u2019avril pour se reproduire, notamment dans le sud de la France, en Espagne et en Italie. En automne, il repart vers l\u2019Afrique o\u00f9 il passe l\u2019hiver. Le r\u00e9chauffement climatique explique en partie son expansion vers le nord de l'Europe.<\/p>\n\n\n\n<figure class=\"wp-block-image aligncenter size-large is-resized\"><img decoding=\"async\" src=\"https:\/\/www.mnemolia.com\/images\/66\/MADtaVZyHJA.webp\" alt=\"Migration du gu\u00eapier d&#039;Europe\" style=\"width:650px;height:auto\" title=\"\"><\/figure>\n","protected":false},"excerpt":{"rendered":"<p>\u00c0 quoi ressemble le gu\u00eapier d'Europe ? Le Gu\u00eapier d'Europe est un oiseau de la taille d'un merle. Il se distingue par son plumage bariol\u00e9, une v\u00e9ritable explosion de couleurs. Sa calotte est brune, tandis que sa bavette jaune est bord\u00e9e d\u2019un collier noir. Un bandeau noir traverse ses yeux, ajoutant \u00e0 son apparence saisissante. [&hellip;]<\/p>\n","protected":false},"author":1,"featured_media":1409,"comment_status":"closed","ping_status":"open","sticky":false,"template":"","format":"standard","meta":{"_et_pb_use_builder":"off","_et_pb_old_content":"","_et_gb_content_width":"","footnotes":""},"categories":[9],"tags":[],"class_list":["post-1408","post","type-post","status-publish","format-standard","has-post-thumbnail","hentry","category-ornitho","et-has-post-format-content","et_post_format-et-post-format-standard"],"_links":{"self":[{"href":"https:\/\/www.mnemolia.com\/stories\/wp-json\/wp\/v2\/posts\/1408"}],"collection":[{"href":"https:\/\/www.mnemolia.com\/stories\/wp-json\/wp\/v2\/posts"}],"about":[{"href":"https:\/\/www.mnemolia.com\/stories\/wp-json\/wp\/v2\/types\/post"}],"author":[{"embeddable":true,"href":"https:\/\/www.mnemolia.com\/stories\/wp-json\/wp\/v2\/users\/1"}],"replies":[{"embeddable":true,"href":"https:\/\/www.mnemolia.com\/stories\/wp-json\/wp\/v2\/comments?post=1408"}],"version-history":[{"count":1,"href":"https:\/\/www.mnemolia.com\/stories\/wp-json\/wp\/v2\/posts\/1408\/revisions"}],"predecessor-version":[{"id":1410,"href":"https:\/\/www.mnemolia.com\/stories\/wp-json\/wp\/v2\/posts\/1408\/revisions\/1410"}],"wp:featuredmedia":[{"embeddable":true,"href":"https:\/\/www.mnemolia.com\/stories\/wp-json\/wp\/v2\/media\/1409"}],"wp:attachment":[{"href":"https:\/\/www.mnemolia.com\/stories\/wp-json\/wp\/v2\/media?parent=1408"}],"wp:term":[{"taxonomy":"category","embeddable":true,"href":"https:\/\/www.mnemolia.com\/stories\/wp-json\/wp\/v2\/categories?post=1408"},{"taxonomy":"post_tag","embeddable":true,"href":"https:\/\/www.mnemolia.com\/stories\/wp-json\/wp\/v2\/tags?post=1408"}],"curies":[{"name":"wp","href":"https:\/\/api.w.org\/{rel}","templated":true}]}}