{"id":1352,"date":"2024-11-29T10:46:03","date_gmt":"2024-11-29T09:46:03","guid":{"rendered":"https:\/\/www.mnemolia.com\/stories\/?p=1352"},"modified":"2024-11-25T10:47:26","modified_gmt":"2024-11-25T09:47:26","slug":"acentor-comun","status":"publish","type":"post","link":"https:\/\/www.mnemolia.com\/stories\/es\/aves\/acentor-comun\/","title":{"rendered":"H\u00e1bitat, canto y alimentaci\u00f3n del Acentor com\u00fan"},"content":{"rendered":"\n<div class=\"wp-block-rank-math-toc-block\" id=\"rank-math-toc\"><nav><ul><li class=\"\"><a href=\"#el-acentor-comun-caracteristicas-y-apariencia\">El Acentor com\u00fan: caracter\u00edsticas y apariencia<\/a><\/li><li class=\"\"><a href=\"#comportamiento-del-acentor-comun\">Comportamiento del Acentor com\u00fan<\/a><\/li><li class=\"\"><a href=\"#el-canto-y-las-llamadas-del-acentor-comun\">El canto y las llamadas del Acentor com\u00fan<\/a><\/li><li class=\"\"><a href=\"#reproduccion-del-acentor-comun\">Reproducci\u00f3n del Acentor com\u00fan<\/a><\/li><li class=\"\"><a href=\"#alimentacion-del-acentor-comun\">Alimentaci\u00f3n del Acentor com\u00fan<\/a><\/li><li class=\"\"><a href=\"#habitat-del-acentor-comun\">H\u00e1bitat del Acentor com\u00fan<\/a><\/li><\/ul><\/nav><\/div>\n\n\n\n<h2 class=\"wp-block-heading\" id=\"el-acentor-comun-caracteristicas-y-apariencia\">El Acentor com\u00fan: caracter\u00edsticas y apariencia<\/h2>\n\n\n\n<p>El <strong>Acentor com\u00fan<\/strong> se caracteriza por tener la cabeza y el pecho de un tono gris-azulado distintivo. Su parte superior y sus alas presentan un color <strong>marr\u00f3n-rojizo<\/strong> con marcas negras, que lo hacen f\u00e1cilmente reconocible para los observadores atentos.<\/p>\n\n\n\n<p>Con un pico <strong>delgado y negro<\/strong>, este p\u00e1jaro puede confundirse con el gorri\u00f3n com\u00fan, aunque es m\u00e1s delgado y su pico es notablemente m\u00e1s fino. En su etapa juvenil, su plumaje muestra muy poco gris y su pecho est\u00e1 decorado con estr\u00edas marrones.<\/p>\n\n\n\n<figure class=\"wp-block-image aligncenter size-large is-resized\"><img decoding=\"async\" src=\"https:\/\/www.mnemolia.com\/images\/66\/MADBvhzIisc.webp\" alt=\"Acentor com\u00fan gris y marr\u00f3n\" style=\"width:650px;height:auto\" title=\"\"><\/figure>\n\n\n\n<h2 class=\"wp-block-heading\" id=\"comportamiento-del-acentor-comun\">Comportamiento del Acentor com\u00fan<\/h2>\n\n\n\n<p>El <strong>Acentor com\u00fan<\/strong> es un ave discreta que pasa desapercibida la mayor parte del tiempo. Puede confundirse f\u00e1cilmente con un peque\u00f1o rat\u00f3n gris cuando se mueve entre los arbustos. Su presencia suele notarse m\u00e1s por su <strong>canto agudo y melodioso<\/strong>.<\/p>\n\n\n\n<p>Cuando se le observa, es com\u00fan verle <strong>saltar bajo los arbustos<\/strong>, buscando insectos y semillas para alimentarse. Este comportamiento reservado es t\u00edpico en esta especie.<\/p>\n\n\n\n<figure class=\"wp-block-image aligncenter size-large is-resized\"><img decoding=\"async\" src=\"https:\/\/www.mnemolia.com\/images\/66\/MAEGZvY6BQM.webp\" alt=\"Acentor com\u00fan bajo arbustos\" style=\"width:650px;height:auto\" title=\"\"><\/figure>\n\n\n\n<h2 class=\"wp-block-heading\" id=\"el-canto-y-las-llamadas-del-acentor-comun\">El canto y las llamadas del Acentor com\u00fan<\/h2>\n\n\n\n<p>El <strong>Acentor com\u00fan<\/strong> es uno de los primeros p\u00e1jaros en volver a cantar a finales de febrero. Su canto se escucha a menudo en la cima de los arbustos, emitiendo un gorjeo <strong>agudo y r\u00e1pido<\/strong>. Este sonido tiene un timbre claro y en\u00e9rgico, aunque no es muy potente.<\/p>\n\n\n\n<p>Adem\u00e1s, su grito de alarma, un <strong>\"tsip\" agudo<\/strong>, es f\u00e1cilmente reconocible. Cuando vuela, produce sonidos puros y r\u00e1pidos como <strong>\"dididi\"<\/strong>, t\u00edpicos de su especie.<\/p>\n\n\n\n<figure class=\"wp-block-image aligncenter size-large is-resized\"><img decoding=\"async\" src=\"https:\/\/www.mnemolia.com\/images\/66\/MADKLR3giLY.webp\" alt=\"Acentor com\u00fan cantando\" style=\"width:650px;height:auto\" title=\"\"><\/figure>\n\n\n\n<h2 class=\"wp-block-heading\" id=\"reproduccion-del-acentor-comun\">Reproducci\u00f3n del Acentor com\u00fan<\/h2>\n\n\n\n<p>El periodo de reproducci\u00f3n del <strong>Acentor com\u00fan<\/strong> se extiende de abril a agosto. Durante esta temporada, produce de <strong>dos nidadas por a\u00f1o<\/strong>, con un promedio de 3 a 6 huevos por nidada.<\/p>\n\n\n\n<p>El nido, cuidadosamente construido con ramitas, musgo y liquen, tiene forma de una peque\u00f1a copa. Suelen instalarlo en arbustos cerca del suelo, un lugar seguro para proteger a sus cr\u00edas.<\/p>\n\n\n\n<figure class=\"wp-block-image aligncenter size-large is-resized\"><img decoding=\"async\" src=\"https:\/\/www.mnemolia.com\/images\/66\/MAEJFH-5P1w.webp\" alt=\"Nido del Acentor com\u00fan\" style=\"width:650px;height:auto\" title=\"\"><\/figure>\n\n\n\n<h2 class=\"wp-block-heading\" id=\"alimentacion-del-acentor-comun\">Alimentaci\u00f3n del Acentor com\u00fan<\/h2>\n\n\n\n<p>El <strong>Acentor com\u00fan<\/strong> se alimenta principalmente de insectos y semillas. Gracias a su pico fino, puede recoger peque\u00f1os insectos con facilidad, siendo esta una de sus principales fuentes de alimento.<\/p>\n\n\n\n<p>Durante el invierno, este p\u00e1jaro t\u00edmido a veces se aventura fuera de los arbustos para buscar semillas ca\u00eddas en los comederos. Aunque discreto, es com\u00fan verle <strong>saltando en el suelo<\/strong> bajo los arbustos mientras busca su comida.<\/p>\n\n\n\n<figure class=\"wp-block-image aligncenter size-large is-resized\"><img decoding=\"async\" src=\"https:\/\/www.mnemolia.com\/images\/66\/MADBv0TjH_w.webp\" alt=\"Acentor com\u00fan buscando comida\" style=\"width:650px;height:auto\" title=\"\"><\/figure>\n\n\n\n<h2 class=\"wp-block-heading\" id=\"habitat-del-acentor-comun\">H\u00e1bitat del Acentor com\u00fan<\/h2>\n\n\n\n<p>El <strong>Acentor com\u00fan<\/strong> habita en una variedad de lugares, desde <strong>bosques de con\u00edferas<\/strong> y mixtos hasta parques y jardines densamente poblados de vegetaci\u00f3n. Se adapta bien a la vida en las monta\u00f1as, donde aprovecha los bosques de pinos para refugiarse.<\/p>\n\n\n\n<p>En los jardines, prefiere instalarse en setos densos y matorrales. Es una especie mayoritariamente sedentaria, aunque algunos ejemplares migran cortas distancias para buscar climas m\u00e1s c\u00e1lidos en invierno.<\/p>\n\n\n\n<figure class=\"wp-block-image aligncenter size-large is-resized\"><img decoding=\"async\" src=\"https:\/\/www.mnemolia.com\/images\/66\/MAD78E0P3rY.webp\" alt=\"H\u00e1bitat del Acentor com\u00fan\" style=\"width:650px;height:auto\" title=\"\"><\/figure>\n","protected":false},"excerpt":{"rendered":"<p>El Acentor com\u00fan: caracter\u00edsticas y apariencia El Acentor com\u00fan se caracteriza por tener la cabeza y el pecho de un tono gris-azulado distintivo. Su parte superior y sus alas presentan un color marr\u00f3n-rojizo con marcas negras, que lo hacen f\u00e1cilmente reconocible para los observadores atentos. Con un pico delgado y negro, este p\u00e1jaro puede confundirse [&hellip;]<\/p>\n","protected":false},"author":1,"featured_media":1203,"comment_status":"closed","ping_status":"open","sticky":false,"template":"","format":"standard","meta":{"_et_pb_use_builder":"off","_et_pb_old_content":"","_et_gb_content_width":"","footnotes":""},"categories":[49],"tags":[],"class_list":["post-1352","post","type-post","status-publish","format-standard","has-post-thumbnail","hentry","category-aves","et-has-post-format-content","et_post_format-et-post-format-standard"],"_links":{"self":[{"href":"https:\/\/www.mnemolia.com\/stories\/wp-json\/wp\/v2\/posts\/1352"}],"collection":[{"href":"https:\/\/www.mnemolia.com\/stories\/wp-json\/wp\/v2\/posts"}],"about":[{"href":"https:\/\/www.mnemolia.com\/stories\/wp-json\/wp\/v2\/types\/post"}],"author":[{"embeddable":true,"href":"https:\/\/www.mnemolia.com\/stories\/wp-json\/wp\/v2\/users\/1"}],"replies":[{"embeddable":true,"href":"https:\/\/www.mnemolia.com\/stories\/wp-json\/wp\/v2\/comments?post=1352"}],"version-history":[{"count":1,"href":"https:\/\/www.mnemolia.com\/stories\/wp-json\/wp\/v2\/posts\/1352\/revisions"}],"predecessor-version":[{"id":1353,"href":"https:\/\/www.mnemolia.com\/stories\/wp-json\/wp\/v2\/posts\/1352\/revisions\/1353"}],"wp:featuredmedia":[{"embeddable":true,"href":"https:\/\/www.mnemolia.com\/stories\/wp-json\/wp\/v2\/media\/1203"}],"wp:attachment":[{"href":"https:\/\/www.mnemolia.com\/stories\/wp-json\/wp\/v2\/media?parent=1352"}],"wp:term":[{"taxonomy":"category","embeddable":true,"href":"https:\/\/www.mnemolia.com\/stories\/wp-json\/wp\/v2\/categories?post=1352"},{"taxonomy":"post_tag","embeddable":true,"href":"https:\/\/www.mnemolia.com\/stories\/wp-json\/wp\/v2\/tags?post=1352"}],"curies":[{"name":"wp","href":"https:\/\/api.w.org\/{rel}","templated":true}]}}