{"id":1331,"date":"2024-11-27T18:16:04","date_gmt":"2024-11-27T17:16:04","guid":{"rendered":"https:\/\/www.mnemolia.com\/stories\/?p=1331"},"modified":"2024-11-22T18:17:27","modified_gmt":"2024-11-22T17:17:27","slug":"petirrojo-europeo","status":"publish","type":"post","link":"https:\/\/www.mnemolia.com\/stories\/es\/aves\/petirrojo-europeo\/","title":{"rendered":"Todo sobre el petirrojo europeo: comportamiento y canto"},"content":{"rendered":"\n<div class=\"wp-block-rank-math-toc-block\" id=\"rank-math-toc\"><nav><ul><li class=\"\"><a href=\"#caracteristicas-del-petirrojo-europeo\">Caracter\u00edsticas del petirrojo europeo<\/a><\/li><li class=\"\"><a href=\"#comportamiento-del-petirrojo-europeo\">Comportamiento del petirrojo europeo<\/a><\/li><li class=\"\"><a href=\"#el-canto-del-petirrojo-europeo\">El canto del petirrojo europeo<\/a><\/li><li class=\"\"><a href=\"#reproduccion-del-petirrojo-europeo\">Reproducci\u00f3n del petirrojo europeo<\/a><\/li><li class=\"\"><a href=\"#alimentacion-del-petirrojo-europeo\">Alimentaci\u00f3n del petirrojo europeo<\/a><\/li><li class=\"\"><a href=\"#habitat-del-petirrojo-europeo\">H\u00e1bitat del petirrojo europeo<\/a><\/li><\/ul><\/nav><\/div>\n\n\n\n<h2 class=\"wp-block-heading\" id=\"caracteristicas-del-petirrojo-europeo\">Caracter\u00edsticas del petirrojo europeo<\/h2>\n\n\n\n<p>El <strong>petirrojo europeo<\/strong> es f\u00e1cilmente reconocible por el <strong>color anaranjado<\/strong> de su garganta y pecho, que se extiende hasta su frente. Su tama\u00f1o es similar al de un gorri\u00f3n, con una silueta <strong>regordeta<\/strong> y patas largas.<\/p>\n\n\n\n<p>Su corona, dorso, alas y cola son de un <strong>color marr\u00f3n<\/strong> con matices grises u oliva, mientras que su vientre es gris p\u00e1lido. Adem\u00e1s, destaca una <strong>banda gris<\/strong> en el lateral de su garganta y unos <strong>grandes ojos negros<\/strong>, que le ayudan a adaptarse a la oscuridad. Los juveniles presentan un plumaje moteado marr\u00f3n claro, que cambia al caracter\u00edstico naranja en unos dos meses.<\/p>\n\n\n\n<figure class=\"wp-block-image aligncenter size-large is-resized\"><img decoding=\"async\" src=\"https:\/\/www.mnemolia.com\/images\/66\/MAC_7_FRCvE.webp\" alt=\"petirrojo europeo con pecho naranja\" style=\"width:650px;height:auto\" title=\"\"><\/figure>\n\n\n\n<h2 class=\"wp-block-heading\" id=\"comportamiento-del-petirrojo-europeo\">Comportamiento del petirrojo europeo<\/h2>\n\n\n\n<p>El <strong>petirrojo europeo<\/strong> es conocido por su canto desde las ramas, donde marca su territorio o atrae hembras. A menudo, se le ve <strong>saltando en el suelo<\/strong> mientras busca comida. Es un ave <strong>solitaria<\/strong> y muy territorial, incluso en invierno, cuando las hembras tambi\u00e9n defienden sus propios territorios.<\/p>\n\n\n\n<p>Para proteger su espacio, el petirrojo puede ser <strong>agresivo<\/strong>, exhibiendo su pecho rojo, levantando la cola y desplegando las alas para intimidar a intrusos. En casos extremos, puede llegar a pelear hasta la muerte.<\/p>\n\n\n\n<p>Poco t\u00edmido con los humanos, se acerca con facilidad en busca de comida, convirti\u00e9ndose en un visitante frecuente en jardines y parques.<\/p>\n\n\n\n<figure class=\"wp-block-image aligncenter size-large is-resized\"><img decoding=\"async\" src=\"https:\/\/www.mnemolia.com\/images\/66\/MAEPDvdeOPw.webp\" alt=\"petirrojo europeo en una rama\" style=\"width:650px;height:auto\" title=\"\"><\/figure>\n\n\n\n<h2 class=\"wp-block-heading\" id=\"el-canto-del-petirrojo-europeo\">El canto del petirrojo europeo<\/h2>\n\n\n\n<p>El <strong>canto del petirrojo europeo<\/strong> destaca por ser uno de los primeros y \u00faltimos del d\u00eda, gracias a sus grandes ojos adaptados a la poca luz. A diferencia de muchas aves, la <strong>hembra tambi\u00e9n canta<\/strong> con la misma intensidad que el macho para defender su territorio.<\/p>\n\n\n\n<p>En situaciones de amenaza, emite <strong>gritos agudos<\/strong> como \"tick\" o repeticiones r\u00e1pidas \"tickticktick\". Su canto es aflautado y parece desordenado, pero es una de sus caracter\u00edsticas m\u00e1s encantadoras.<\/p>\n\n\n\n<figure class=\"wp-block-image aligncenter size-large is-resized\"><img decoding=\"async\" src=\"https:\/\/www.mnemolia.com\/images\/66\/MADODnKQ-EQ.webp\" alt=\"petirrojo europeo cantando en una rama\" style=\"width:650px;height:auto\" title=\"\"><\/figure>\n\n\n\n<h2 class=\"wp-block-heading\" id=\"reproduccion-del-petirrojo-europeo\">Reproducci\u00f3n del petirrojo europeo<\/h2>\n\n\n\n<p>La temporada de <strong>reproducci\u00f3n<\/strong> del petirrojo europeo va de abril a agosto. La pareja se forma cuando la hembra es aceptada en el territorio del macho. Durante este tiempo, producen de 2 a 3 nidadas al a\u00f1o, con entre 5 y 7 <strong>huevos<\/strong> de color amarillo p\u00e1lido con manchas marrones.<\/p>\n\n\n\n<p>El nido, hecho de ramitas, hierba y musgo, se sit\u00faa en <strong>huecos de \u00e1rboles<\/strong>, muros, setos o arbustos, a menudo a baja altura. Prefiere nidos abiertos o semiabiertos cerca del suelo.<\/p>\n\n\n\n<figure class=\"wp-block-image aligncenter size-large is-resized\"><img decoding=\"async\" src=\"https:\/\/www.mnemolia.com\/images\/66\/MADAdtwsEWE.webp\" alt=\"nido del petirrojo europeo\" style=\"width:650px;height:auto\" title=\"\"><\/figure>\n\n\n\n<h2 class=\"wp-block-heading\" id=\"alimentacion-del-petirrojo-europeo\">Alimentaci\u00f3n del petirrojo europeo<\/h2>\n\n\n\n<p>Con un <strong>pico fino<\/strong> t\u00edpico de insect\u00edvoros, el petirrojo europeo consume orugas, mariposas, babosas y ara\u00f1as. Durante el oto\u00f1o y la primavera, tambi\u00e9n come semillas, bayas y peque\u00f1os frutos. Se le ve <strong>vigilando el suelo<\/strong> desde ramas bajas, donde caza sus presas.<\/p>\n\n\n\n<p>En jardines, sigue al <strong>jardinero<\/strong> o a galer\u00edas de topos en busca de gusanos. Tambi\u00e9n aprovecha los insectos perturbados por otros animales como ciervos o jabal\u00edes.<\/p>\n\n\n\n<figure class=\"wp-block-image aligncenter size-large is-resized\"><img decoding=\"async\" src=\"https:\/\/www.mnemolia.com\/images\/66\/MAD34kIa9YA.webp\" alt=\"petirrojo buscando comida en el suelo\" style=\"width:650px;height:auto\" title=\"\"><\/figure>\n\n\n\n<h2 class=\"wp-block-heading\" id=\"habitat-del-petirrojo-europeo\">H\u00e1bitat del petirrojo europeo<\/h2>\n\n\n\n<p>El <strong>petirrojo europeo<\/strong> habita en sotobosques, arbustos densos y jardines con \u00e1rboles. En los jardines, prefiere rincones enmara\u00f1ados donde puede construir su nido. Es una especie <strong>sedentaria<\/strong>, aunque algunos ejemplares migran cortas distancias.<\/p>\n\n\n\n<p>En invierno, los machos suelen quedarse en su territorio, mientras que las hembras migran hacia regiones m\u00e1s c\u00e1lidas como el Mediterr\u00e1neo.<\/p>\n\n\n\n<figure class=\"wp-block-image aligncenter size-large is-resized\"><img decoding=\"async\" src=\"https:\/\/www.mnemolia.com\/images\/66\/MACFJgSYwFk.webp\" alt=\"h\u00e1bitat del petirrojo europeo\" style=\"width:650px;height:auto\" title=\"\"><\/figure>\n","protected":false},"excerpt":{"rendered":"<p>Caracter\u00edsticas del petirrojo europeo El petirrojo europeo es f\u00e1cilmente reconocible por el color anaranjado de su garganta y pecho, que se extiende hasta su frente. Su tama\u00f1o es similar al de un gorri\u00f3n, con una silueta regordeta y patas largas. Su corona, dorso, alas y cola son de un color marr\u00f3n con matices grises u [&hellip;]<\/p>\n","protected":false},"author":1,"featured_media":1201,"comment_status":"closed","ping_status":"open","sticky":false,"template":"","format":"standard","meta":{"_et_pb_use_builder":"off","_et_pb_old_content":"","_et_gb_content_width":"","footnotes":""},"categories":[49],"tags":[],"class_list":["post-1331","post","type-post","status-publish","format-standard","has-post-thumbnail","hentry","category-aves","et-has-post-format-content","et_post_format-et-post-format-standard"],"_links":{"self":[{"href":"https:\/\/www.mnemolia.com\/stories\/wp-json\/wp\/v2\/posts\/1331"}],"collection":[{"href":"https:\/\/www.mnemolia.com\/stories\/wp-json\/wp\/v2\/posts"}],"about":[{"href":"https:\/\/www.mnemolia.com\/stories\/wp-json\/wp\/v2\/types\/post"}],"author":[{"embeddable":true,"href":"https:\/\/www.mnemolia.com\/stories\/wp-json\/wp\/v2\/users\/1"}],"replies":[{"embeddable":true,"href":"https:\/\/www.mnemolia.com\/stories\/wp-json\/wp\/v2\/comments?post=1331"}],"version-history":[{"count":1,"href":"https:\/\/www.mnemolia.com\/stories\/wp-json\/wp\/v2\/posts\/1331\/revisions"}],"predecessor-version":[{"id":1332,"href":"https:\/\/www.mnemolia.com\/stories\/wp-json\/wp\/v2\/posts\/1331\/revisions\/1332"}],"wp:featuredmedia":[{"embeddable":true,"href":"https:\/\/www.mnemolia.com\/stories\/wp-json\/wp\/v2\/media\/1201"}],"wp:attachment":[{"href":"https:\/\/www.mnemolia.com\/stories\/wp-json\/wp\/v2\/media?parent=1331"}],"wp:term":[{"taxonomy":"category","embeddable":true,"href":"https:\/\/www.mnemolia.com\/stories\/wp-json\/wp\/v2\/categories?post=1331"},{"taxonomy":"post_tag","embeddable":true,"href":"https:\/\/www.mnemolia.com\/stories\/wp-json\/wp\/v2\/tags?post=1331"}],"curies":[{"name":"wp","href":"https:\/\/api.w.org\/{rel}","templated":true}]}}