{"id":1321,"date":"2024-11-26T17:57:30","date_gmt":"2024-11-26T16:57:30","guid":{"rendered":"https:\/\/www.mnemolia.com\/stories\/?p=1321"},"modified":"2024-11-22T17:59:04","modified_gmt":"2024-11-22T16:59:04","slug":"mito-ave","status":"publish","type":"post","link":"https:\/\/www.mnemolia.com\/stories\/es\/aves\/mito-ave\/","title":{"rendered":"Todo sobre el mito: caracter\u00edsticas, h\u00e1bitat y curiosidades"},"content":{"rendered":"\n<div class=\"wp-block-rank-math-toc-block\" id=\"rank-math-toc\"><nav><ul><li class=\"\"><a href=\"#como-identificar-al-mito-caracteristicas-fisicas\">C\u00f3mo identificar al mito: caracter\u00edsticas f\u00edsicas<\/a><\/li><li class=\"\"><a href=\"#comportamiento-y-habitos-del-mito\">Comportamiento y h\u00e1bitos del mito<\/a><\/li><li class=\"\"><a href=\"#el-canto-y-las-llamadas-del-mito\">El canto y las llamadas del mito<\/a><\/li><li class=\"\"><a href=\"#reproduccion-un-nido-elaborado\">Reproducci\u00f3n: un nido elaborado<\/a><\/li><li class=\"\"><a href=\"#alimentacion-del-mito\">Alimentaci\u00f3n del mito<\/a><\/li><li class=\"\"><a href=\"#donde-encontrar-al-mito\">D\u00f3nde encontrar al mito<\/a><\/li><\/ul><\/nav><\/div>\n\n\n\n<h2 class=\"wp-block-heading\" id=\"como-identificar-al-mito-caracteristicas-fisicas\">C\u00f3mo identificar al mito: caracter\u00edsticas f\u00edsicas<\/h2>\n\n\n\n<p>El <strong>mito<\/strong> es f\u00e1cilmente reconocible gracias a su <strong>peque\u00f1o cuerpo redondo<\/strong> y su <strong>cola larga<\/strong>, negra y blanca. Su espalda y sus <strong>alas redondeadas<\/strong> son negras con toques de blanco y rosa, mientras que el plumaje de su vientre es <strong>beige rosado<\/strong>. Destaca tambi\u00e9n por su <strong>min\u00fasculo pico<\/strong>, adaptado a su dieta. La subespecie del oeste y sur de Europa presenta una franja negra sobre el ojo, mientras que la subespecie n\u00f3rdica tiene una <strong>cabeza completamente blanca<\/strong>.<\/p>\n\n\n\n<figure class=\"wp-block-image aligncenter size-large is-resized\"><img decoding=\"async\" src=\"https:\/\/www.mnemolia.com\/images\/66\/MAD32l5BDFk.webp\" alt=\"\" style=\"width:650px;height:auto\" title=\"\"><\/figure>\n\n\n\n<h2 class=\"wp-block-heading\" id=\"comportamiento-y-habitos-del-mito\">Comportamiento y h\u00e1bitos del mito<\/h2>\n\n\n\n<p>El <strong>mito<\/strong> suele observarse en <strong>grupos familiares<\/strong> o de varias familias, movi\u00e9ndose de \u00e1rbol en \u00e1rbol. Son <strong>muy acrob\u00e1ticas<\/strong>, especialmente en ramas finas, gracias a su peso ligero, largas patas y su cola que les sirve de balanceo. Esta habilidad les permite acceder a alimentos en lugares donde hay <strong>poca competencia<\/strong>.<\/p>\n\n\n\n<figure class=\"wp-block-image aligncenter size-large is-resized\"><img decoding=\"async\" src=\"https:\/\/www.mnemolia.com\/images\/66\/MAD3ugHGLhM.webp\" alt=\"\" style=\"width:650px;height:auto\" title=\"\"><\/figure>\n\n\n\n<h2 class=\"wp-block-heading\" id=\"el-canto-y-las-llamadas-del-mito\">El canto y las llamadas del mito<\/h2>\n\n\n\n<p>Los grupos de <strong>mitos<\/strong> se comunican con <strong>gritos agudos y elevados<\/strong> mientras se desplazan entre \u00e1rboles. Uno de sus sonidos m\u00e1s caracter\u00edsticos es un <strong>grito rodado corto<\/strong> y repentino, descrito como \u00abtsirrrup\u00bb. Este canto distintivo facilita su identificaci\u00f3n.<\/p>\n\n\n\n<figure class=\"wp-block-image aligncenter size-large is-resized\"><img decoding=\"async\" src=\"https:\/\/www.mnemolia.com\/images\/66\/MADpfOe6Op0.webp\" alt=\"\" style=\"width:650px;height:auto\" title=\"\"><\/figure>\n\n\n\n<h2 class=\"wp-block-heading\" id=\"reproduccion-un-nido-elaborado\">Reproducci\u00f3n: un nido elaborado<\/h2>\n\n\n\n<p>El <strong>mito<\/strong> se reproduce entre marzo y junio, con una sola nidada por a\u00f1o. La hembra pone de 8 a 12 <strong>huevos blancos manchados<\/strong> de rojizo. Su nido, en forma de bola con una entrada lateral, es una obra maestra construida en tres semanas con <strong>musgo, l\u00edquenes y hilos de telara\u00f1a<\/strong>. El interior est\u00e1 revestido de <strong>plumas peque\u00f1as<\/strong> que aseguran el aislamiento t\u00e9rmico.<\/p>\n\n\n\n<figure class=\"wp-block-image aligncenter size-large is-resized\"><img decoding=\"async\" src=\"https:\/\/www.mnemolia.com\/images\/66\/MAC_5qX725Q.webp\" alt=\"\" style=\"width:650px;height:auto\" title=\"\"><\/figure>\n\n\n\n<h2 class=\"wp-block-heading\" id=\"alimentacion-del-mito\">Alimentaci\u00f3n del mito<\/h2>\n\n\n\n<p>Con su <strong>pico corto y d\u00e9bil<\/strong>, el <strong>mito<\/strong> se alimenta principalmente de <strong>insectos<\/strong>, <strong>larvas<\/strong>, huevos y algunas semillas blandas. Aunque es poco com\u00fan, a veces visita los comederos para colgarse de las <strong>bolas de grasa<\/strong>.<\/p>\n\n\n\n<figure class=\"wp-block-image aligncenter size-large is-resized\"><img decoding=\"async\" src=\"https:\/\/www.mnemolia.com\/images\/66\/MADAYudfmVU.webp\" alt=\"\" style=\"width:650px;height:auto\" title=\"\"><\/figure>\n\n\n\n<h2 class=\"wp-block-heading\" id=\"donde-encontrar-al-mito\">D\u00f3nde encontrar al mito<\/h2>\n\n\n\n<p>El <strong>mito<\/strong> habita en <strong>bosques de frondosas y con\u00edferas<\/strong> ricos en sotobosque, as\u00ed como en <strong>parques, arbustos, setos y jardines<\/strong>. Su comportamiento puede ser sedentario o migratorio de corta distancia, dependiendo de la regi\u00f3n y las condiciones clim\u00e1ticas.<\/p>\n\n\n\n<figure class=\"wp-block-image aligncenter size-large is-resized\"><img decoding=\"async\" src=\"https:\/\/www.mnemolia.com\/images\/66\/MAD9Wsxn9DM.webp\" alt=\"\" style=\"width:650px;height:auto\" title=\"\"><\/figure>\n","protected":false},"excerpt":{"rendered":"<p>C\u00f3mo identificar al mito: caracter\u00edsticas f\u00edsicas El mito es f\u00e1cilmente reconocible gracias a su peque\u00f1o cuerpo redondo y su cola larga, negra y blanca. Su espalda y sus alas redondeadas son negras con toques de blanco y rosa, mientras que el plumaje de su vientre es beige rosado. Destaca tambi\u00e9n por su min\u00fasculo pico, adaptado [&hellip;]<\/p>\n","protected":false},"author":1,"featured_media":1200,"comment_status":"closed","ping_status":"open","sticky":false,"template":"","format":"standard","meta":{"_et_pb_use_builder":"off","_et_pb_old_content":"","_et_gb_content_width":"","footnotes":""},"categories":[49],"tags":[],"class_list":["post-1321","post","type-post","status-publish","format-standard","has-post-thumbnail","hentry","category-aves","et-has-post-format-content","et_post_format-et-post-format-standard"],"_links":{"self":[{"href":"https:\/\/www.mnemolia.com\/stories\/wp-json\/wp\/v2\/posts\/1321"}],"collection":[{"href":"https:\/\/www.mnemolia.com\/stories\/wp-json\/wp\/v2\/posts"}],"about":[{"href":"https:\/\/www.mnemolia.com\/stories\/wp-json\/wp\/v2\/types\/post"}],"author":[{"embeddable":true,"href":"https:\/\/www.mnemolia.com\/stories\/wp-json\/wp\/v2\/users\/1"}],"replies":[{"embeddable":true,"href":"https:\/\/www.mnemolia.com\/stories\/wp-json\/wp\/v2\/comments?post=1321"}],"version-history":[{"count":1,"href":"https:\/\/www.mnemolia.com\/stories\/wp-json\/wp\/v2\/posts\/1321\/revisions"}],"predecessor-version":[{"id":1322,"href":"https:\/\/www.mnemolia.com\/stories\/wp-json\/wp\/v2\/posts\/1321\/revisions\/1322"}],"wp:featuredmedia":[{"embeddable":true,"href":"https:\/\/www.mnemolia.com\/stories\/wp-json\/wp\/v2\/media\/1200"}],"wp:attachment":[{"href":"https:\/\/www.mnemolia.com\/stories\/wp-json\/wp\/v2\/media?parent=1321"}],"wp:term":[{"taxonomy":"category","embeddable":true,"href":"https:\/\/www.mnemolia.com\/stories\/wp-json\/wp\/v2\/categories?post=1321"},{"taxonomy":"post_tag","embeddable":true,"href":"https:\/\/www.mnemolia.com\/stories\/wp-json\/wp\/v2\/tags?post=1321"}],"curies":[{"name":"wp","href":"https:\/\/api.w.org\/{rel}","templated":true}]}}