{"id":1290,"date":"2024-11-23T10:42:59","date_gmt":"2024-11-23T09:42:59","guid":{"rendered":"https:\/\/www.mnemolia.com\/stories\/?p=1290"},"modified":"2024-11-22T10:44:44","modified_gmt":"2024-11-22T09:44:44","slug":"herrerillo-capuchino","status":"publish","type":"post","link":"https:\/\/www.mnemolia.com\/stories\/es\/aves\/herrerillo-capuchino\/","title":{"rendered":"Caracter\u00edsticas y h\u00e1bitat del herrerillo capuchino"},"content":{"rendered":"\n<div class=\"wp-block-rank-math-toc-block\" id=\"rank-math-toc\"><nav><ul><li class=\"\"><a href=\"#como-identificar-al-herrerillo-capuchino\">C\u00f3mo identificar al herrerillo capuchino<\/a><\/li><li class=\"\"><a href=\"#comportamiento-del-herrerillo-capuchino\">Comportamiento del herrerillo capuchino<\/a><\/li><li class=\"\"><a href=\"#el-canto-del-herrerillo-capuchino\">El canto del herrerillo capuchino<\/a><\/li><li class=\"\"><a href=\"#reproduccion-del-herrerillo-capuchino\">Reproducci\u00f3n del herrerillo capuchino<\/a><\/li><li class=\"\"><a href=\"#alimentacion-del-herrerillo-capuchino\">Alimentaci\u00f3n del herrerillo capuchino<\/a><\/li><li class=\"\"><a href=\"#habitat-del-herrerillo-capuchino\">H\u00e1bitat del herrerillo capuchino<\/a><\/li><\/ul><\/nav><\/div>\n\n\n\n<h2 class=\"wp-block-heading\" id=\"como-identificar-al-herrerillo-capuchino\">C\u00f3mo identificar al herrerillo capuchino<\/h2>\n\n\n\n<p>El <strong>herrerillo capuchino<\/strong> se distingue f\u00e1cilmente por su <strong>cresta negra y blanca<\/strong> caracter\u00edstica. En la hembra, esta cresta es m\u00e1s <strong>corta<\/strong> que en el macho. Adem\u00e1s, presenta un <strong>collar negro<\/strong> fino y un peque\u00f1o <strong>babero negro<\/strong>, acompa\u00f1ado de un creciente negro en las mejillas blancas. Su espalda tiene un tono <strong>marr\u00f3n-gris<\/strong> y su vientre es <strong>blanco-beige<\/strong>.<\/p>\n\n\n\n<figure class=\"wp-block-image aligncenter size-large is-resized\"><img decoding=\"async\" src=\"https:\/\/www.mnemolia.com\/images\/66\/MAD3xMzoezo.webp\" alt=\"\" style=\"width:650px;height:auto\" title=\"\"><\/figure>\n\n\n\n<h2 class=\"wp-block-heading\" id=\"comportamiento-del-herrerillo-capuchino\">Comportamiento del herrerillo capuchino<\/h2>\n\n\n\n<p>El herrerillo capuchino es un ave <strong>discreta<\/strong>, que a menudo se oculta en las <strong>ramas altas de los con\u00edferos<\/strong> mientras busca comida. Sin embargo, puede observarse en los comederos, especialmente en pareja.<\/p>\n\n\n\n<figure class=\"wp-block-image aligncenter size-large is-resized\"><img decoding=\"async\" src=\"https:\/\/www.mnemolia.com\/images\/66\/MADATzcSbEk.webp\" alt=\"\" style=\"width:650px;height:auto\" title=\"\"><\/figure>\n\n\n\n<h2 class=\"wp-block-heading\" id=\"el-canto-del-herrerillo-capuchino\">El canto del herrerillo capuchino<\/h2>\n\n\n\n<p>El canto del herrerillo capuchino es <strong>\u00fanico<\/strong> entre los herrerillos, caracterizado por un <strong>grito repetitivo<\/strong> y agudo que termina con un sonido <strong>\"rodado\"<\/strong>, repetido dos o tres veces. Se puede reconocer f\u00e1cilmente por su distintivo \"tsi tsi tsigurrr ... tsigurr... tsi tsi tsi tsigurrr\".<\/p>\n\n\n\n<figure class=\"wp-block-image aligncenter size-large is-resized\"><img decoding=\"async\" src=\"https:\/\/www.mnemolia.com\/images\/66\/MADAIywERFc.webp\" alt=\"\" style=\"width:650px;height:auto\" title=\"\"><\/figure>\n\n\n\n<h2 class=\"wp-block-heading\" id=\"reproduccion-del-herrerillo-capuchino\">Reproducci\u00f3n del herrerillo capuchino<\/h2>\n\n\n\n<p>El herrerillo capuchino se reproduce de <strong>marzo a julio<\/strong>, con una \u00fanica <strong>nidada anual<\/strong> de 5 a 8 huevos blancos manchados de rojizo. El nido, con forma de <strong>copa<\/strong>, est\u00e1 hecho de <strong>musgo<\/strong>, telara\u00f1as y plum\u00f3n, materiales que lo mantienen c\u00e1lido. Durante el cortejo, el macho levanta su cresta y <strong>hace vibrar sus alas<\/strong> para atraer a la hembra.<\/p>\n\n\n\n<figure class=\"wp-block-image aligncenter size-large is-resized\"><img decoding=\"async\" src=\"https:\/\/www.mnemolia.com\/images\/66\/MAD35DU0JOY.webp\" alt=\"\" style=\"width:650px;height:auto\" title=\"\"><\/figure>\n\n\n\n<h2 class=\"wp-block-heading\" id=\"alimentacion-del-herrerillo-capuchino\">Alimentaci\u00f3n del herrerillo capuchino<\/h2>\n\n\n\n<p>En la temporada c\u00e1lida, el herrerillo capuchino busca <strong>insectos, larvas y ara\u00f1as<\/strong> en las <strong>alturas de los \u00e1rboles<\/strong>. En invierno, su dieta se centra en <strong>semillas de pino<\/strong>. En jardines, es f\u00e1cil atraerlo con <strong>bolas de grasa<\/strong>. Al igual que el carbonero garrapinos, <strong>almacena<\/strong> su comida en peque\u00f1as grietas y debajo de la corteza de los con\u00edferos.<\/p>\n\n\n\n<figure class=\"wp-block-image aligncenter size-large is-resized\"><img decoding=\"async\" src=\"https:\/\/www.mnemolia.com\/images\/66\/MADM7AduZ04.webp\" alt=\"\" style=\"width:650px;height:auto\" title=\"\"><\/figure>\n\n\n\n<h2 class=\"wp-block-heading\" id=\"habitat-del-herrerillo-capuchino\">H\u00e1bitat del herrerillo capuchino<\/h2>\n\n\n\n<p>El herrerillo capuchino habita principalmente en <strong>bosques de con\u00edferos<\/strong>, aunque tambi\u00e9n se encuentra en <strong>bosques de frondosas<\/strong> y en <strong>parques y jardines<\/strong> donde haya con\u00edferos cerca. Es una especie <strong>adaptada al fr\u00edo<\/strong>, y puede encontrarse en monta\u00f1as hasta los <strong>2300 m de altitud<\/strong>. Por lo general, es <strong>sedentario<\/strong>, permaneciendo cerca de donde naci\u00f3.<\/p>\n\n\n\n<figure class=\"wp-block-image aligncenter size-large is-resized\"><img decoding=\"async\" src=\"https:\/\/www.mnemolia.com\/images\/66\/MAD2MNV_cWI.webp\" alt=\"\" style=\"width:650px;height:auto\" title=\"\"><\/figure>\n","protected":false},"excerpt":{"rendered":"<p>C\u00f3mo identificar al herrerillo capuchino El herrerillo capuchino se distingue f\u00e1cilmente por su cresta negra y blanca caracter\u00edstica. En la hembra, esta cresta es m\u00e1s corta que en el macho. Adem\u00e1s, presenta un collar negro fino y un peque\u00f1o babero negro, acompa\u00f1ado de un creciente negro en las mejillas blancas. Su espalda tiene un tono [&hellip;]<\/p>\n","protected":false},"author":1,"featured_media":1197,"comment_status":"closed","ping_status":"open","sticky":false,"template":"","format":"standard","meta":{"_et_pb_use_builder":"off","_et_pb_old_content":"","_et_gb_content_width":"","footnotes":""},"categories":[49],"tags":[],"class_list":["post-1290","post","type-post","status-publish","format-standard","has-post-thumbnail","hentry","category-aves","et-has-post-format-content","et_post_format-et-post-format-standard"],"_links":{"self":[{"href":"https:\/\/www.mnemolia.com\/stories\/wp-json\/wp\/v2\/posts\/1290"}],"collection":[{"href":"https:\/\/www.mnemolia.com\/stories\/wp-json\/wp\/v2\/posts"}],"about":[{"href":"https:\/\/www.mnemolia.com\/stories\/wp-json\/wp\/v2\/types\/post"}],"author":[{"embeddable":true,"href":"https:\/\/www.mnemolia.com\/stories\/wp-json\/wp\/v2\/users\/1"}],"replies":[{"embeddable":true,"href":"https:\/\/www.mnemolia.com\/stories\/wp-json\/wp\/v2\/comments?post=1290"}],"version-history":[{"count":1,"href":"https:\/\/www.mnemolia.com\/stories\/wp-json\/wp\/v2\/posts\/1290\/revisions"}],"predecessor-version":[{"id":1291,"href":"https:\/\/www.mnemolia.com\/stories\/wp-json\/wp\/v2\/posts\/1290\/revisions\/1291"}],"wp:featuredmedia":[{"embeddable":true,"href":"https:\/\/www.mnemolia.com\/stories\/wp-json\/wp\/v2\/media\/1197"}],"wp:attachment":[{"href":"https:\/\/www.mnemolia.com\/stories\/wp-json\/wp\/v2\/media?parent=1290"}],"wp:term":[{"taxonomy":"category","embeddable":true,"href":"https:\/\/www.mnemolia.com\/stories\/wp-json\/wp\/v2\/categories?post=1290"},{"taxonomy":"post_tag","embeddable":true,"href":"https:\/\/www.mnemolia.com\/stories\/wp-json\/wp\/v2\/tags?post=1290"}],"curies":[{"name":"wp","href":"https:\/\/api.w.org\/{rel}","templated":true}]}}