{"id":1269,"date":"2024-11-13T15:56:39","date_gmt":"2024-11-13T14:56:39","guid":{"rendered":"https:\/\/www.mnemolia.com\/stories\/?p=1269"},"modified":"2024-11-12T15:58:58","modified_gmt":"2024-11-12T14:58:58","slug":"carbonero-comun","status":"publish","type":"post","link":"https:\/\/www.mnemolia.com\/stories\/es\/aves\/carbonero-comun\/","title":{"rendered":"El carbonero com\u00fan: caracter\u00edsticas y comportamiento"},"content":{"rendered":"\n<div class=\"wp-block-rank-math-toc-block\" id=\"rank-math-toc\"><nav><ul><li class=\"\"><a href=\"#caracteristicas-del-carbonero-comun\">Caracter\u00edsticas del carbonero com\u00fan<\/a><\/li><li class=\"\"><a href=\"#comportamiento-del-carbonero-comun\">Comportamiento del carbonero com\u00fan<\/a><\/li><li class=\"\"><a href=\"#el-canto-y-llamadas-del-carbonero-comun\">El canto y llamadas del carbonero com\u00fan<\/a><\/li><li class=\"\"><a href=\"#reproduccion-del-carbonero-comun\">Reproducci\u00f3n del carbonero com\u00fan<\/a><\/li><li class=\"\"><a href=\"#alimentacion-del-carbonero-comun\">Alimentaci\u00f3n del carbonero com\u00fan<\/a><\/li><li class=\"\"><a href=\"#habitat-del-carbonero-comun\">H\u00e1bitat del carbonero com\u00fan<\/a><\/li><\/ul><\/nav><\/div>\n\n\n\n<h2 class=\"wp-block-heading\" id=\"caracteristicas-del-carbonero-comun\">Caracter\u00edsticas del carbonero com\u00fan<\/h2>\n\n\n\n<p>El <strong>carbonero com\u00fan<\/strong> es uno de los herrerillos <strong>m\u00e1s grandes<\/strong>, similar en tama\u00f1o a un <strong>gorri\u00f3n<\/strong>. Su <strong>cabeza negra<\/strong> se distingue por las <strong>mejillas blancas<\/strong>, una combinaci\u00f3n de colores que hace a esta ave f\u00e1cilmente identificable.<\/p>\n\n\n\n<figure class=\"wp-block-image aligncenter size-large is-resized\"><img decoding=\"async\" src=\"https:\/\/www.mnemolia.com\/images\/66\/MAC5GW_1KzU.webp\" alt=\"Cabeza negra y mejillas blancas\" style=\"width:650px;height:auto\" title=\"\"><\/figure>\n\n\n\n<p>El plumaje en la <strong>espalda<\/strong> es de un color <strong>verde oliva<\/strong>, mientras que sus <strong>alas grises<\/strong> a veces presentan <strong>matices de azul<\/strong>. El <strong>vientre amarillo<\/strong> tiene una <strong>l\u00ednea negra<\/strong> en el centro, lo que se conoce como la <strong>\"corbata negra\"<\/strong>, m\u00e1s ancha en el macho, que llega hasta la cola, y m\u00e1s delgada en la hembra, deteni\u00e9ndose en el abdomen.<\/p>\n\n\n\n<figure class=\"wp-block-image aligncenter size-large is-resized\"><img decoding=\"async\" src=\"https:\/\/www.mnemolia.com\/images\/66\/MAC1DM40omA.webp\" alt=\"Vientre amarillo con l\u00ednea negra\" style=\"width:650px;height:auto\" title=\"\"><\/figure>\n\n\n\n<p>Los <strong>juveniles<\/strong>, es decir, aquellos que han desarrollado su primer plumaje completo, tienen colores <strong>m\u00e1s apagados<\/strong>. Su l\u00ednea negra en el vientre ayuda a <strong>distinguirlos<\/strong> del <em>carbonero garrapinos<\/em> o el <em>herrerillo com\u00fan<\/em>.<\/p>\n\n\n\n<h2 class=\"wp-block-heading\" id=\"comportamiento-del-carbonero-comun\">Comportamiento del carbonero com\u00fan<\/h2>\n\n\n\n<p>En comparaci\u00f3n con otros herrerillos m\u00e1s peque\u00f1os, el <strong>carbonero com\u00fan<\/strong> es menos h\u00e1bil en acrobacias. Adem\u00e1s, es una de las pocas especies que baja al <strong>suelo<\/strong> para <strong>alimentarse<\/strong>.<\/p>\n\n\n\n<figure class=\"wp-block-image aligncenter size-large is-resized\"><img decoding=\"async\" src=\"https:\/\/www.mnemolia.com\/images\/66\/MACt-KGFzrA.webp\" alt=\"Carbonero com\u00fan aliment\u00e1ndose en el suelo\" style=\"width:650px;height:auto\" title=\"\"><\/figure>\n\n\n\n<p>A menudo, el carbonero com\u00fan <strong>imita<\/strong> a otros miembros de su especie. Por ejemplo, sigue a un primer carbonero hasta el <strong>comedero<\/strong> para posarse y tomar una semilla. Cuando dos carboneros se encuentran en el comedero, el <strong>dominado<\/strong> suele retirarse. Este ave <strong>sociable<\/strong> se puede observar en <strong>peque\u00f1os grupos<\/strong>, y es com\u00fan ver c\u00f3mo <strong>saquea<\/strong> la comida de otros herrerillos.<\/p>\n\n\n\n<h2 class=\"wp-block-heading\" id=\"el-canto-y-llamadas-del-carbonero-comun\">El canto y llamadas del carbonero com\u00fan<\/h2>\n\n\n\n<p>El <strong>canto<\/strong> del carbonero com\u00fan es caracter\u00edstico y simple, con <strong>2 o 3 notas<\/strong> que se repiten, como el sonido <em>\"titu titu\"<\/em>. Utilizan el canto para <strong>marcar territorio<\/strong> y <strong>atraer a las hembras<\/strong>.<\/p>\n\n\n\n<figure class=\"wp-block-image aligncenter size-large is-resized\"><img decoding=\"async\" src=\"https:\/\/www.mnemolia.com\/images\/66\/MABclfnaFPU.webp\" alt=\"Canto caracter\u00edstico del carbonero\" style=\"width:650px;height:auto\" title=\"\"><\/figure>\n\n\n\n<p>Durante el a\u00f1o, estos p\u00e1jaros tambi\u00e9n emiten <strong>gritos<\/strong> para <strong>comunicarse<\/strong>, se\u00f1alando su posici\u00f3n, alertando de un peligro o defendi\u00e9ndose. Adem\u00e1s, el carbonero com\u00fan tiene la habilidad de <strong>imitar<\/strong> los gritos de otras especies de herrerillos, como el com\u00fan, el capuchino y el garrapinos.<\/p>\n\n\n\n<h2 class=\"wp-block-heading\" id=\"reproduccion-del-carbonero-comun\">Reproducci\u00f3n del carbonero com\u00fan<\/h2>\n\n\n\n<p>La temporada de <strong>reproducci\u00f3n<\/strong> del carbonero com\u00fan va de <strong>marzo a agosto<\/strong>. Pueden tener <strong>2 nidadas al a\u00f1o<\/strong>, con entre 6 y 12 huevos, generalmente <strong>blancos manchados<\/strong> de rojizo.<\/p>\n\n\n\n<figure class=\"wp-block-image aligncenter size-large is-resized\"><img decoding=\"async\" src=\"https:\/\/www.mnemolia.com\/images\/66\/MADFHKf3J-4.webp\" alt=\"Huevos de carbonero com\u00fan en su nido\" style=\"width:650px;height:auto\" title=\"\"><\/figure>\n\n\n\n<p>El carbonero instala su <strong>nido<\/strong> en <strong>agujeros<\/strong> de \u00e1rboles, paredes, cajas nido o tuber\u00edas, y utiliza <strong>musgos, ra\u00edces y hierba<\/strong> para construirlo. Como es una especie <strong>temprana<\/strong>, ya en enero protege su territorio y tiene el nido listo para marzo.<\/p>\n\n\n\n<h2 class=\"wp-block-heading\" id=\"alimentacion-del-carbonero-comun\">Alimentaci\u00f3n del carbonero com\u00fan<\/h2>\n\n\n\n<p>En primavera y verano, el <strong>carbonero com\u00fan<\/strong> es predominantemente <strong>insect\u00edvoro<\/strong>. La <strong>cantidad de orugas<\/strong> disponibles afecta la <strong>calidad de la nidada<\/strong> de esta especie.<\/p>\n\n\n\n<figure class=\"wp-block-image aligncenter size-large is-resized\"><img decoding=\"async\" src=\"https:\/\/www.mnemolia.com\/images\/66\/MADEPZwRGCU.webp\" alt=\"Carbonero com\u00fan capturando orugas\" style=\"width:650px;height:auto\" title=\"\"><\/figure>\n\n\n\n<p>En invierno, el carbonero cambia su dieta, optando por <strong>semillas y vegetales<\/strong>, lo que le permite sobrevivir durante las \u00e9pocas fr\u00edas.<\/p>\n\n\n\n<h2 class=\"wp-block-heading\" id=\"habitat-del-carbonero-comun\">H\u00e1bitat del carbonero com\u00fan<\/h2>\n\n\n\n<p>El <strong>carbonero com\u00fan<\/strong> habita principalmente en <strong>bosques de frondosas<\/strong>, que incluyen \u00e1rboles como el <strong>roble, el haya y el abedul<\/strong>. Tambi\u00e9n se encuentra en <strong>parques y jardines<\/strong> de ciudades y puede observarse en <strong>zonas urbanas<\/strong>.<\/p>\n\n\n\n<figure class=\"wp-block-image aligncenter size-large is-resized\"><img decoding=\"async\" src=\"https:\/\/www.mnemolia.com\/images\/66\/MAD_As4ORi8.webp\" alt=\"Carbonero en parque urbano\" style=\"width:650px;height:auto\" title=\"\"><\/figure>\n\n\n\n<p>Es una de las aves m\u00e1s <strong>comunes<\/strong> en el jard\u00edn y se la puede observar <strong>todo el a\u00f1o<\/strong>. Esta especie es <strong>sedentaria<\/strong> en general, aunque algunas poblaciones del norte de Europa <strong>migran hacia el oeste y el sur<\/strong> en invierno para encontrar alimentos.<\/p>\n","protected":false},"excerpt":{"rendered":"<p>Caracter\u00edsticas del carbonero com\u00fan El carbonero com\u00fan es uno de los herrerillos m\u00e1s grandes, similar en tama\u00f1o a un gorri\u00f3n. Su cabeza negra se distingue por las mejillas blancas, una combinaci\u00f3n de colores que hace a esta ave f\u00e1cilmente identificable. El plumaje en la espalda es de un color verde oliva, mientras que sus alas [&hellip;]<\/p>\n","protected":false},"author":1,"featured_media":1195,"comment_status":"closed","ping_status":"open","sticky":false,"template":"","format":"standard","meta":{"_et_pb_use_builder":"off","_et_pb_old_content":"","_et_gb_content_width":"","footnotes":""},"categories":[49],"tags":[],"class_list":["post-1269","post","type-post","status-publish","format-standard","has-post-thumbnail","hentry","category-aves","et-has-post-format-content","et_post_format-et-post-format-standard"],"_links":{"self":[{"href":"https:\/\/www.mnemolia.com\/stories\/wp-json\/wp\/v2\/posts\/1269"}],"collection":[{"href":"https:\/\/www.mnemolia.com\/stories\/wp-json\/wp\/v2\/posts"}],"about":[{"href":"https:\/\/www.mnemolia.com\/stories\/wp-json\/wp\/v2\/types\/post"}],"author":[{"embeddable":true,"href":"https:\/\/www.mnemolia.com\/stories\/wp-json\/wp\/v2\/users\/1"}],"replies":[{"embeddable":true,"href":"https:\/\/www.mnemolia.com\/stories\/wp-json\/wp\/v2\/comments?post=1269"}],"version-history":[{"count":1,"href":"https:\/\/www.mnemolia.com\/stories\/wp-json\/wp\/v2\/posts\/1269\/revisions"}],"predecessor-version":[{"id":1270,"href":"https:\/\/www.mnemolia.com\/stories\/wp-json\/wp\/v2\/posts\/1269\/revisions\/1270"}],"wp:featuredmedia":[{"embeddable":true,"href":"https:\/\/www.mnemolia.com\/stories\/wp-json\/wp\/v2\/media\/1195"}],"wp:attachment":[{"href":"https:\/\/www.mnemolia.com\/stories\/wp-json\/wp\/v2\/media?parent=1269"}],"wp:term":[{"taxonomy":"category","embeddable":true,"href":"https:\/\/www.mnemolia.com\/stories\/wp-json\/wp\/v2\/categories?post=1269"},{"taxonomy":"post_tag","embeddable":true,"href":"https:\/\/www.mnemolia.com\/stories\/wp-json\/wp\/v2\/tags?post=1269"}],"curies":[{"name":"wp","href":"https:\/\/api.w.org\/{rel}","templated":true}]}}