{"id":1258,"date":"2024-11-12T15:32:02","date_gmt":"2024-11-12T14:32:02","guid":{"rendered":"https:\/\/www.mnemolia.com\/stories\/?p=1258"},"modified":"2024-11-12T15:32:04","modified_gmt":"2024-11-12T14:32:04","slug":"herrerillo-comun","status":"publish","type":"post","link":"https:\/\/www.mnemolia.com\/stories\/es\/aves\/herrerillo-comun\/","title":{"rendered":"Todo sobre el Herrerillo com\u00fan: caracter\u00edsticas, canto y h\u00e1bitat"},"content":{"rendered":"\n<h2 class=\"wp-block-heading\">C\u00f3mo identificar al Herrerillo com\u00fan<\/h2>\n\n\n\n<p>El Herrerillo com\u00fan es f\u00e1cil de reconocer gracias a su plumaje de <strong>colores vibrantes<\/strong> en tonos <strong>amarillos y azules<\/strong>. Su <strong>gorra azul<\/strong> y su <strong>cara blanca<\/strong> son distintivas, con una <strong>franja negra<\/strong> sobre los ojos y un <strong>collar negro<\/strong> que le da un toque \u00fanico. En su <strong>vientre amarillo<\/strong> se observa una <strong>zona media blanca<\/strong> con una <strong>mancha azulada o negra<\/strong>, que a veces se extiende como l\u00ednea. Sus <strong>alas y cola<\/strong> presentan tonos de <strong>azul y gris<\/strong>.<\/p>\n\n\n\n<figure class=\"wp-block-image aligncenter size-large is-resized\"><img decoding=\"async\" src=\"https:\/\/www.mnemolia.com\/images\/66\/MABXPbmqE10.webp\" alt=\"\" style=\"width:650px;height:auto\" title=\"\"><\/figure>\n\n\n\n<h2 class=\"wp-block-heading\">Comportamiento acrob\u00e1tico del Herrerillo com\u00fan<\/h2>\n\n\n\n<p>El Herrerillo com\u00fan es conocido por sus <strong>acrobacias<\/strong>, movi\u00e9ndose con destreza en las <strong>ramas<\/strong> mientras busca <strong>comida<\/strong>. Se le puede observar a menudo en posiciones inusuales, como cabeza abajo, aprovechando cada rinc\u00f3n en busca de insectos.<\/p>\n\n\n\n<figure class=\"wp-block-image aligncenter size-large is-resized\"><img decoding=\"async\" src=\"https:\/\/www.mnemolia.com\/images\/66\/MAD3xLgBkxE.webp\" alt=\"\" style=\"width:650px;height:auto\" title=\"\"><\/figure>\n\n\n\n<h2 class=\"wp-block-heading\">El canto y las llamadas del Herrerillo com\u00fan<\/h2>\n\n\n\n<p>El Herrerillo com\u00fan posee un <strong>canto caracter\u00edstico<\/strong>, aunque no muy melodioso. Su canto comienza con <strong>una a tres notas agudas<\/strong>, seguidas de un <strong>trino r\u00e1pido<\/strong> que se repite en intervalos. Esta serie de sonidos puede describirse como \"tsui tssuissuissuissuissuissui\". Adem\u00e1s de su canto, emite <strong>gritos<\/strong> para <strong>comunicarse<\/strong> y un <strong>grito de alarma<\/strong> en caso de peligro.<\/p>\n\n\n\n<figure class=\"wp-block-image aligncenter size-large is-resized\"><img decoding=\"async\" src=\"https:\/\/www.mnemolia.com\/images\/66\/MAEWHp5F5Lk.webp\" alt=\"\" style=\"width:650px;height:auto\" title=\"\"><\/figure>\n\n\n\n<h2 class=\"wp-block-heading\">Reproducci\u00f3n y nidificaci\u00f3n del Herrerillo com\u00fan<\/h2>\n\n\n\n<p>El <strong>periodo de reproducci\u00f3n<\/strong> del Herrerillo com\u00fan se extiende de <strong>marzo a agosto<\/strong>. Durante este tiempo, construye un <strong>nido de ramitas y musgo<\/strong> en el que coloca <strong>entre 6 y 15 huevos<\/strong> manchados de marr\u00f3n-rojizo. Su nido tambi\u00e9n puede contener <strong>hierbas arom\u00e1ticas<\/strong> como lavanda o menta, las cuales ayudan a proteger de bacterias y hongos. Aunque las cajas nido se pueden colocar en primavera, en invierno se utilizan m\u00e1s como <strong>refugios nocturnos<\/strong>.<\/p>\n\n\n\n<figure class=\"wp-block-image aligncenter size-large is-resized\"><img decoding=\"async\" src=\"https:\/\/www.mnemolia.com\/images\/66\/MAEI1sjTQd8.webp\" alt=\"\" style=\"width:650px;height:auto\" title=\"\"><\/figure>\n\n\n\n<h2 class=\"wp-block-heading\">Alimentaci\u00f3n variada del Herrerillo com\u00fan<\/h2>\n\n\n\n<p>Durante el <strong>periodo de reproducci\u00f3n<\/strong>, el Herrerillo com\u00fan se alimenta principalmente de <strong>insectos y larvas<\/strong>. Con la llegada del invierno, cambia su dieta a <strong>semillas<\/strong> debido a la escasez de insectos. Para ayudar a estas aves en la estaci\u00f3n fr\u00eda, se pueden instalar <strong>bolas de grasa<\/strong>, de las que suelen colgarse para alimentarse.<\/p>\n\n\n\n<figure class=\"wp-block-image aligncenter size-large is-resized\"><img decoding=\"async\" src=\"https:\/\/www.mnemolia.com\/images\/66\/c42209ffec63f1cd5a158ed8560e44f0.webp\" alt=\"\" style=\"width:650px;height:auto\" title=\"\"><\/figure>\n\n\n\n<h2 class=\"wp-block-heading\">H\u00e1bitat del Herrerillo com\u00fan y su distribuci\u00f3n<\/h2>\n\n\n\n<p>El Herrerillo com\u00fan es una especie <strong>cavern\u00edcola<\/strong> que prefiere construir su nido en <strong>peque\u00f1as cavidades<\/strong> en \u00e1rboles, acantilados o incluso en canalones. Habita en los <strong>bosques de frondosas<\/strong> y en los <strong>bosques mixtos<\/strong>, y es com\u00fan en parques y jardines. Aunque es una especie <strong>sedentaria<\/strong>, algunos individuos pueden realizar peque\u00f1as <strong>migraciones<\/strong> hacia climas m\u00e1s c\u00e1lidos o con menor competencia por los recursos.<\/p>\n\n\n\n<figure class=\"wp-block-image aligncenter size-large is-resized\"><img decoding=\"async\" src=\"https:\/\/www.mnemolia.com\/images\/66\/MADauj1DZCY.webp\" alt=\"\" style=\"width:650px;height:auto\" title=\"\"><\/figure>\n","protected":false},"excerpt":{"rendered":"<p>C\u00f3mo identificar al Herrerillo com\u00fan El Herrerillo com\u00fan es f\u00e1cil de reconocer gracias a su plumaje de colores vibrantes en tonos amarillos y azules. Su gorra azul y su cara blanca son distintivas, con una franja negra sobre los ojos y un collar negro que le da un toque \u00fanico. En su vientre amarillo se [&hellip;]<\/p>\n","protected":false},"author":1,"featured_media":1194,"comment_status":"closed","ping_status":"open","sticky":false,"template":"","format":"standard","meta":{"_et_pb_use_builder":"off","_et_pb_old_content":"","_et_gb_content_width":"","footnotes":""},"categories":[49],"tags":[],"class_list":["post-1258","post","type-post","status-publish","format-standard","has-post-thumbnail","hentry","category-aves","et-has-post-format-content","et_post_format-et-post-format-standard"],"_links":{"self":[{"href":"https:\/\/www.mnemolia.com\/stories\/wp-json\/wp\/v2\/posts\/1258"}],"collection":[{"href":"https:\/\/www.mnemolia.com\/stories\/wp-json\/wp\/v2\/posts"}],"about":[{"href":"https:\/\/www.mnemolia.com\/stories\/wp-json\/wp\/v2\/types\/post"}],"author":[{"embeddable":true,"href":"https:\/\/www.mnemolia.com\/stories\/wp-json\/wp\/v2\/users\/1"}],"replies":[{"embeddable":true,"href":"https:\/\/www.mnemolia.com\/stories\/wp-json\/wp\/v2\/comments?post=1258"}],"version-history":[{"count":1,"href":"https:\/\/www.mnemolia.com\/stories\/wp-json\/wp\/v2\/posts\/1258\/revisions"}],"predecessor-version":[{"id":1259,"href":"https:\/\/www.mnemolia.com\/stories\/wp-json\/wp\/v2\/posts\/1258\/revisions\/1259"}],"wp:featuredmedia":[{"embeddable":true,"href":"https:\/\/www.mnemolia.com\/stories\/wp-json\/wp\/v2\/media\/1194"}],"wp:attachment":[{"href":"https:\/\/www.mnemolia.com\/stories\/wp-json\/wp\/v2\/media?parent=1258"}],"wp:term":[{"taxonomy":"category","embeddable":true,"href":"https:\/\/www.mnemolia.com\/stories\/wp-json\/wp\/v2\/categories?post=1258"},{"taxonomy":"post_tag","embeddable":true,"href":"https:\/\/www.mnemolia.com\/stories\/wp-json\/wp\/v2\/tags?post=1258"}],"curies":[{"name":"wp","href":"https:\/\/api.w.org\/{rel}","templated":true}]}}